{"id":808,"date":"2010-09-22T14:08:25","date_gmt":"2010-09-22T13:08:25","guid":{"rendered":"http:\/\/deportes.zeus.umh.es\/?p=808"},"modified":"2010-09-22T14:08:25","modified_gmt":"2010-09-22T13:08:25","slug":"jornadas-de-nutricion-y-deporte-2010","status":"publish","type":"post","link":"https:\/\/deportes.umh.es\/en\/2010\/09\/22\/jornadas-de-nutricion-y-deporte-2010\/","title":{"rendered":"Jornadas de Nutrici\u00f3n y Deporte 2010"},"content":{"rendered":"<p>Durante todo el d\u00eda se celebrar\u00e1n en el Aula Magna del Campus de Elche las Jornadas de Nutrici\u00f3n y Deporte. Para m\u00e1s informaci\u00f3n <a href=\"mailto:deportes@umh.es\">deportes@umh.es<\/a><\/p>\n","protected":false},"excerpt":{"rendered":"<p>Durante todo el d\u00eda se celebrar\u00e1n en el Aula Magna del Campus de Elche las Jornadas de Nutrici\u00f3n y Deporte. Para m\u00e1s informaci\u00f3n deportes@umh.es<\/p>\n","protected":false},"author":47,"featured_media":0,"comment_status":"closed","ping_status":"open","sticky":false,"template":"","format":"standard","meta":{"_links_to":"","_links_to_target":""},"categories":[69,4,164,507],"tags":[],"_links":{"self":[{"href":"https:\/\/deportes.umh.es\/en\/wp-json\/wp\/v2\/posts\/808"}],"collection":[{"href":"https:\/\/deportes.umh.es\/en\/wp-json\/wp\/v2\/posts"}],"about":[{"href":"https:\/\/deportes.umh.es\/en\/wp-json\/wp\/v2\/types\/post"}],"author":[{"embeddable":true,"href":"https:\/\/deportes.umh.es\/en\/wp-json\/wp\/v2\/users\/47"}],"replies":[{"embeddable":true,"href":"https:\/\/deportes.umh.es\/en\/wp-json\/wp\/v2\/comments?post=808"}],"version-history":[{"count":0,"href":"https:\/\/deportes.umh.es\/en\/wp-json\/wp\/v2\/posts\/808\/revisions"}],"wp:attachment":[{"href":"https:\/\/deportes.umh.es\/en\/wp-json\/wp\/v2\/media?parent=808"}],"wp:term":[{"taxonomy":"category","embeddable":true,"href":"https:\/\/deportes.umh.es\/en\/wp-json\/wp\/v2\/categories?post=808"},{"taxonomy":"post_tag","embeddable":true,"href":"https:\/\/deportes.umh.es\/en\/wp-json\/wp\/v2\/tags?post=808"}],"curies":[{"name":"wp","href":"https:\/\/api.w.org\/{rel}","templated":true}]}}