{"id":725,"date":"2010-06-08T09:23:40","date_gmt":"2010-06-08T08:23:40","guid":{"rendered":"http:\/\/deportes.zeus.umh.es\/?p=725"},"modified":"2010-06-08T09:23:40","modified_gmt":"2010-06-08T08:23:40","slug":"curso-de-verano-de-%e2%80%9cbudo-tai-jutsu-bujinkan","status":"publish","type":"post","link":"https:\/\/deportes.umh.es\/en\/2010\/06\/08\/curso-de-verano-de-%e2%80%9cbudo-tai-jutsu-bujinkan\/","title":{"rendered":"Curso de verano de \u201cBUDO TAI JUTSU &#8220;BUJINKAN&#8221;"},"content":{"rendered":"<p>Ser\u00e1 en dos horarios durante el mes de julio, ma\u00f1ana y tarde, y podr\u00e1n elegir entre asistir a uno de ellos o a los dos si lo desean. El temario en ambos casos ser\u00e1: &#8220;INTRODUCCI\u00d3N al BUDO TAIJUTSU&#8221;.<\/p>\n<p>El turno de ma\u00f1ana ser\u00e1 los LUNES Y MI\u00c9RCOLES de 12h a 13h, y el turno de tarde ser\u00e1 MARTES Y JUEVES de 20h a 21h.<\/p>\n<p>Constar\u00e1 de talleres diversos: Combate sin armas, Defensa contra cuchillo, Trabajo con bastones e introducci\u00f3n a la Katana, entre otros.<\/p>\n<p><!--more--><\/p>\n<p>La idea es ofrecer una miscel\u00e1nea sobre lo que engloban las Artes Marciales Tradicionales de la Bujinkan y su estudio antropol\u00f3gico, para posteriormente ir utilizando la aplicaci\u00f3n de dichos conocimientos a la defensa personal, ofreciendo as\u00ed una visi\u00f3n gen\u00e9rica de los diferentes apartados de que constar\u00e1n los talleres mensuales,\u00a0 que se realizar\u00e1n durante el pr\u00f3ximo curso lectivo 2010\/2011 en esta Universidad.<\/p>\n<p>Emplazamos a todo el que quiera asistir a la clase inaugural que ser\u00e1 el 5 de JULIO\u00a0 a las 12&#8217;00 h., en el Palacio de los Deportes de Elche (Sala de Lucha), o a la de Tarde, el 6 de JULIO a las 20&#8217;00 h., en el mismo lugar.<\/p>\n<p>Las tarifas son 3 \u20ac Ordinaria, 2.25 \u20ac Extensa y 1.5 \u20ac Personal UMH (por hora). Los recibos ser\u00e1n de 2 horas por semana (ma\u00f1ana o tarde), pudiendo asistir las 4 horas si se abonan 2 recibos.<\/p>\n<p class=\"MsoNormal\">La inscripci\u00f3n ser\u00e1 mediante correo electr\u00f3nico a <a href=\"mailto:deportes@umh.es\">deportes@umh.es<\/a> con los siguientes datos: Nombre, DNI, tel\u00e9fono.<span style=\"font-family: Arial\"><br \/>\n<\/span><\/p>\n<div>\n<p class=\"MsoNormal\">\u00a0<\/p>\n<\/div>\n","protected":false},"excerpt":{"rendered":"<p>Ser\u00e1 en dos horarios durante el mes de julio, ma\u00f1ana y tarde, y podr\u00e1n elegir entre asistir a uno de ellos o a los dos si lo desean. El temario en ambos casos ser\u00e1: &#8220;INTRODUCCI\u00d3N al BUDO TAIJUTSU&#8221;.<br \/>\nEl turno de ma\u00f1ana ser\u00e1 los LUNES Y MI\u00c9RCOLES de 12h a 13h, y el turno de tarde [&#8230;]<\/p>\n","protected":false},"author":47,"featured_media":0,"comment_status":"closed","ping_status":"open","sticky":false,"template":"","format":"standard","meta":{"_links_to":"","_links_to_target":""},"categories":[795,774,69,507],"tags":[],"_links":{"self":[{"href":"https:\/\/deportes.umh.es\/en\/wp-json\/wp\/v2\/posts\/725"}],"collection":[{"href":"https:\/\/deportes.umh.es\/en\/wp-json\/wp\/v2\/posts"}],"about":[{"href":"https:\/\/deportes.umh.es\/en\/wp-json\/wp\/v2\/types\/post"}],"author":[{"embeddable":true,"href":"https:\/\/deportes.umh.es\/en\/wp-json\/wp\/v2\/users\/47"}],"replies":[{"embeddable":true,"href":"https:\/\/deportes.umh.es\/en\/wp-json\/wp\/v2\/comments?post=725"}],"version-history":[{"count":0,"href":"https:\/\/deportes.umh.es\/en\/wp-json\/wp\/v2\/posts\/725\/revisions"}],"wp:attachment":[{"href":"https:\/\/deportes.umh.es\/en\/wp-json\/wp\/v2\/media?parent=725"}],"wp:term":[{"taxonomy":"category","embeddable":true,"href":"https:\/\/deportes.umh.es\/en\/wp-json\/wp\/v2\/categories?post=725"},{"taxonomy":"post_tag","embeddable":true,"href":"https:\/\/deportes.umh.es\/en\/wp-json\/wp\/v2\/tags?post=725"}],"curies":[{"name":"wp","href":"https:\/\/api.w.org\/{rel}","templated":true}]}}