{"id":349,"date":"2010-04-01T08:00:58","date_gmt":"2010-04-01T07:00:58","guid":{"rendered":"http:\/\/deportes.zeus.umh.es\/?p=349"},"modified":"2010-04-01T08:00:58","modified_gmt":"2010-04-01T07:00:58","slug":"campeonato-autonomico-de-atletismo-en-pista-en-castellon-los-dias-16-y-17-de-abril","status":"publish","type":"post","link":"https:\/\/deportes.umh.es\/en\/2010\/04\/01\/campeonato-autonomico-de-atletismo-en-pista-en-castellon-los-dias-16-y-17-de-abril\/","title":{"rendered":"Campeonato Auton\u00f3mico de Atletismo en Pista en Castell\u00f3n, los d\u00edas 16 y 17 de abril"},"content":{"rendered":"<p><a href=\"https:\/\/deportes.umh.es\/files\/2010\/02\/proyecto-cto-autonomico-atletismo.pdf\">Pincha aqu\u00ed para descargarte el proyecto del Cto Auton\u00f3mico de Atletismo en Pista<\/a><\/p>\n","protected":false},"excerpt":{"rendered":"<p>Pincha aqu\u00ed para descargarte el proyecto del Cto Auton\u00f3mico de Atletismo en Pista<\/p>\n","protected":false},"author":47,"featured_media":0,"comment_status":"closed","ping_status":"open","sticky":false,"template":"","format":"standard","meta":{"_links_to":"","_links_to_target":""},"categories":[776,507,780],"tags":[],"_links":{"self":[{"href":"https:\/\/deportes.umh.es\/en\/wp-json\/wp\/v2\/posts\/349"}],"collection":[{"href":"https:\/\/deportes.umh.es\/en\/wp-json\/wp\/v2\/posts"}],"about":[{"href":"https:\/\/deportes.umh.es\/en\/wp-json\/wp\/v2\/types\/post"}],"author":[{"embeddable":true,"href":"https:\/\/deportes.umh.es\/en\/wp-json\/wp\/v2\/users\/47"}],"replies":[{"embeddable":true,"href":"https:\/\/deportes.umh.es\/en\/wp-json\/wp\/v2\/comments?post=349"}],"version-history":[{"count":0,"href":"https:\/\/deportes.umh.es\/en\/wp-json\/wp\/v2\/posts\/349\/revisions"}],"wp:attachment":[{"href":"https:\/\/deportes.umh.es\/en\/wp-json\/wp\/v2\/media?parent=349"}],"wp:term":[{"taxonomy":"category","embeddable":true,"href":"https:\/\/deportes.umh.es\/en\/wp-json\/wp\/v2\/categories?post=349"},{"taxonomy":"post_tag","embeddable":true,"href":"https:\/\/deportes.umh.es\/en\/wp-json\/wp\/v2\/tags?post=349"}],"curies":[{"name":"wp","href":"https:\/\/api.w.org\/{rel}","templated":true}]}}