{"id":348,"date":"2010-01-29T14:51:24","date_gmt":"2010-01-29T13:51:24","guid":{"rendered":"http:\/\/deportes.zeus.umh.es\/?p=348"},"modified":"2010-01-29T14:51:24","modified_gmt":"2010-01-29T13:51:24","slug":"proximo-curso-de-buceador-con-el-gised","status":"publish","type":"post","link":"https:\/\/deportes.umh.es\/en\/2010\/01\/29\/proximo-curso-de-buceador-con-el-gised\/","title":{"rendered":"Pr\u00f3ximo curso de Buceador con el GISED"},"content":{"rendered":"<p class=\"MsoNormal\"><span style=\"font-size: x-small;font-family: Arial\"><span style=\"font-size: 10pt;font-family: Arial\">Curso de Buceador 2 Estrellas FEDAS CMAS &#8211; 2 al 14 de febrero.<\/span><\/span><\/p>\n<p class=\"MsoNormal\"><span style=\"font-size: x-small;font-family: Arial\"><span style=\"font-size: 10pt;font-family: Arial\"><!--more--><\/span><\/span><\/p>\n<p class=\"MsoNormal\"><span style=\"font-size: small;font-family: Arial\"><span style=\"font-size: 12pt;font-family: Arial\">\u00a0<\/span><\/span><span style=\"font-size: x-small;font-family: Arial\"><span style=\"font-size: 10pt;font-family: Arial\">El horario del curso es el siguiente: <\/span><\/span><span style=\"font-family: Arial\"><span style=\"font-family: Arial\"><\/span><\/span><\/p>\n<p class=\"MsoNormal\"><span style=\"font-size: small;font-family: Arial\"><span style=\"font-size: 12pt;font-family: Arial\">\u00a0<\/span><\/span><span style=\"font-size: x-small;font-family: Arial\"><span style=\"font-size: 10pt;font-family: Arial\">&#8211; clases te\u00f3ricas: martes, mi\u00e9rcoles y s\u00e1bado, de 17 a 19h<\/span><\/span><span style=\"font-family: Arial\"><span style=\"font-family: Arial\"><\/span><\/span><\/p>\n<p class=\"MsoNormal\"><span style=\"font-size: x-small;font-family: Arial\"><span style=\"font-size: 10pt;font-family: Arial\">&#8211; clases pr\u00e1cticas: s\u00e1bado y domingo, de 8 a 14h<\/span><\/span><span style=\"font-family: Arial\"><span style=\"font-family: Arial\"><\/span><\/span><\/p>\n<p class=\"MsoNormal\"><span style=\"font-size: small;font-family: Arial\"><span style=\"font-size: 12pt;font-family: Arial\">\u00a0<\/span><\/span><span style=\"font-size: x-small;font-family: Arial\"><span style=\"font-size: 10pt;font-family: Arial\">M\u00e1s informaci\u00f3n e inscripciones en el GISED, entidad relacionada con la UMH mediante convenio en vigor.<\/span><\/span><\/p>\n<p class=\"MsoNormal\"><span style=\"font-size: x-small;font-family: Arial\"><span style=\"font-size: 10pt;font-family: Arial\">Para m\u00e1s informaci\u00f3n:<\/span><\/span><\/p>\n<p class=\"MsoNormal\"><span style=\"font-size: x-small;font-family: Arial\"><\/span><strong><strong><span style=\"font-size: x-small;color: #000000;font-family: Century Gothic\"><span style=\"font-size: 10pt;color: black;font-family: 'Century Gothic'\">GISED Alicante<\/span><\/span><\/strong><\/strong><span style=\"font-size: x-small;color: #000000;font-family: Century Gothic\"><span style=\"font-size: 10pt;color: black;font-family: 'Century Gothic'\"><\/span><\/span><\/p>\n<p class=\"MsoNormal\"><span style=\"font-size: x-small;color: #000000;font-family: Century Gothic\"><span style=\"font-size: 10pt;color: black;font-family: 'Century Gothic'\">Grupo de Investigaciones Subac\u00faaticas y Escafandristas Deportivos<\/span><\/span><\/p>\n<p class=\"MsoNormal\"><span style=\"font-size: xx-small;color: #000000;font-family: Century Gothic\"><span style=\"font-size: 7.5pt;color: black;font-family: 'Century Gothic'\">c\/ Sol Naciente 2, bajos 1 al 6, 03016 La Albufereta &#8211; ALICANTE<\/span><\/span><span style=\"font-size: x-small;color: #000000;font-family: Century Gothic\"><span style=\"font-size: 10pt;color: black;font-family: 'Century Gothic'\"><\/span><\/span><\/p>\n<p class=\"MsoNormal\"><span style=\"font-size: xx-small;color: #000000;font-family: Century Gothic\"><span style=\"font-size: 7.5pt;color: black;font-family: 'Century Gothic'\">Telf: 965 26 77 72 Fax: 965 12 52 09<\/span><\/span><span style=\"font-size: x-small;color: #000000;font-family: Century Gothic\"><span style=\"font-size: 10pt;color: black;font-family: 'Century Gothic'\"><\/span><\/span><\/p>\n<p class=\"MsoNormal\"><span style=\"font-size: xx-small;color: #0000ff;font-family: Century Gothic\"><span style=\"font-size: 7.5pt;color: blue;font-family: 'Century Gothic'\"><a title=\"http:\/\/mail.gised.es\/exchweb\/bin\/redir.asp?URL=http:\/\/www.gised.es\/\" href=\"http:\/\/mail.gised.es\/exchweb\/bin\/redir.asp?URL=http:\/\/www.gised.es\/\" target=\"_blank\">www.gised.es<\/a>\u00a0&#8211; <\/span><\/span><span style=\"font-size: xx-small;color: #000000;font-family: Century Gothic\"><span style=\"font-size: 7.5pt;color: black;font-family: 'Century Gothic'\"><a title=\"mailto:gised@gised.es\" href=\"mailto:gised@gised.es\" target=\"_blank\">gised@gised.es<\/a><\/span><\/span><\/p>\n","protected":false},"excerpt":{"rendered":"<p>Curso de Buceador 2 Estrellas FEDAS CMAS &#8211; 2 al 14 de febrero.<\/p>\n<p>\u00a0El horario del curso es el siguiente:<br \/>\n\u00a0&#8211; clases te\u00f3ricas: martes, mi\u00e9rcoles y s\u00e1bado, de 17 a 19h<br \/>\n&#8211; clases pr\u00e1cticas: s\u00e1bado y domingo, de 8 a 14h<br \/>\n\u00a0M\u00e1s informaci\u00f3n e inscripciones en el GISED, entidad relacionada con la UMH mediante convenio en vigor.<br \/>\nPara m\u00e1s [&#8230;]<\/p>\n","protected":false},"author":47,"featured_media":0,"comment_status":"closed","ping_status":"open","sticky":false,"template":"","format":"standard","meta":{"_links_to":"","_links_to_target":""},"categories":[774,164,507],"tags":[],"_links":{"self":[{"href":"https:\/\/deportes.umh.es\/en\/wp-json\/wp\/v2\/posts\/348"}],"collection":[{"href":"https:\/\/deportes.umh.es\/en\/wp-json\/wp\/v2\/posts"}],"about":[{"href":"https:\/\/deportes.umh.es\/en\/wp-json\/wp\/v2\/types\/post"}],"author":[{"embeddable":true,"href":"https:\/\/deportes.umh.es\/en\/wp-json\/wp\/v2\/users\/47"}],"replies":[{"embeddable":true,"href":"https:\/\/deportes.umh.es\/en\/wp-json\/wp\/v2\/comments?post=348"}],"version-history":[{"count":0,"href":"https:\/\/deportes.umh.es\/en\/wp-json\/wp\/v2\/posts\/348\/revisions"}],"wp:attachment":[{"href":"https:\/\/deportes.umh.es\/en\/wp-json\/wp\/v2\/media?parent=348"}],"wp:term":[{"taxonomy":"category","embeddable":true,"href":"https:\/\/deportes.umh.es\/en\/wp-json\/wp\/v2\/categories?post=348"},{"taxonomy":"post_tag","embeddable":true,"href":"https:\/\/deportes.umh.es\/en\/wp-json\/wp\/v2\/tags?post=348"}],"curies":[{"name":"wp","href":"https:\/\/api.w.org\/{rel}","templated":true}]}}