{"id":1131,"date":"2011-04-18T10:37:01","date_gmt":"2011-04-18T08:37:01","guid":{"rendered":"http:\/\/deportes.zeus.umh.es\/?p=1131"},"modified":"2011-04-18T10:37:01","modified_gmt":"2011-04-18T08:37:01","slug":"doble-medalla-de-oro-para-maria-gomez-y-marta-tort-dos-de-nuestras-judokas","status":"publish","type":"post","link":"https:\/\/deportes.umh.es\/en\/2011\/04\/18\/doble-medalla-de-oro-para-maria-gomez-y-marta-tort-dos-de-nuestras-judokas\/","title":{"rendered":"Doble medalla de Oro para Mar\u00eda G\u00f3mez y Marta Tort, dos de nuestras judokas"},"content":{"rendered":"<p>Mar\u00eda, en &#8211; 48 kg y Marta en &#8211; 78 kg (en la foto de la derecha, de dcha a izda)\u00a0han logrado sendas medallas de Oro en el CEU de Judo disputado los d\u00edas 14 y 15 de abril en Madrid, en la UER.<\/p>\n<p>Tambi\u00e9n participaron los judokas David Paco, \u00c1lvaro Navarro y Enrique Carratal\u00e1.<\/p>\n<p><a href=\"https:\/\/deportes.umh.es\/files\/2011\/04\/img_0447.jpg\"><img loading=\"lazy\" class=\"alignnone size-medium wp-image-1132\" src=\"https:\/\/deportes.umh.es\/files\/2011\/04\/img_0447-300x224.jpg\" alt=\"\" width=\"300\" height=\"224\" srcset=\"https:\/\/deportes.umh.es\/files\/2011\/04\/img_0447-300x224.jpg 300w, https:\/\/deportes.umh.es\/files\/2011\/04\/img_0447-1024x764.jpg 1024w\" sizes=\"(max-width: 300px) 100vw, 300px\" \/><\/a><a href=\"https:\/\/deportes.umh.es\/files\/2011\/04\/img_0499.jpg\"><img loading=\"lazy\" class=\"alignnone size-medium wp-image-1133\" src=\"https:\/\/deportes.umh.es\/files\/2011\/04\/img_0499-300x224.jpg\" alt=\"\" width=\"300\" height=\"224\" srcset=\"https:\/\/deportes.umh.es\/files\/2011\/04\/img_0499-300x224.jpg 300w, https:\/\/deportes.umh.es\/files\/2011\/04\/img_0499-1024x764.jpg 1024w\" sizes=\"(max-width: 300px) 100vw, 300px\" \/><\/a><\/p>\n","protected":false},"excerpt":{"rendered":"<p>Mar\u00eda, en &#8211; 48 kg y Marta en &#8211; 78 kg (en la foto de la derecha, de dcha a izda)\u00a0han logrado sendas medallas de Oro en el CEU de Judo disputado los d\u00edas 14 y 15 de abril en Madrid, en la UER.<br \/>\nTambi\u00e9n participaron los judokas David Paco, \u00c1lvaro Navarro y Enrique Carratal\u00e1.<\/p>\n","protected":false},"author":47,"featured_media":0,"comment_status":"closed","ping_status":"open","sticky":false,"template":"","format":"standard","meta":{"_links_to":"","_links_to_target":""},"categories":[802,776,778,507,824,783,789,793],"tags":[],"_links":{"self":[{"href":"https:\/\/deportes.umh.es\/en\/wp-json\/wp\/v2\/posts\/1131"}],"collection":[{"href":"https:\/\/deportes.umh.es\/en\/wp-json\/wp\/v2\/posts"}],"about":[{"href":"https:\/\/deportes.umh.es\/en\/wp-json\/wp\/v2\/types\/post"}],"author":[{"embeddable":true,"href":"https:\/\/deportes.umh.es\/en\/wp-json\/wp\/v2\/users\/47"}],"replies":[{"embeddable":true,"href":"https:\/\/deportes.umh.es\/en\/wp-json\/wp\/v2\/comments?post=1131"}],"version-history":[{"count":0,"href":"https:\/\/deportes.umh.es\/en\/wp-json\/wp\/v2\/posts\/1131\/revisions"}],"wp:attachment":[{"href":"https:\/\/deportes.umh.es\/en\/wp-json\/wp\/v2\/media?parent=1131"}],"wp:term":[{"taxonomy":"category","embeddable":true,"href":"https:\/\/deportes.umh.es\/en\/wp-json\/wp\/v2\/categories?post=1131"},{"taxonomy":"post_tag","embeddable":true,"href":"https:\/\/deportes.umh.es\/en\/wp-json\/wp\/v2\/tags?post=1131"}],"curies":[{"name":"wp","href":"https:\/\/api.w.org\/{rel}","templated":true}]}}