{"id":9989,"date":"2020-06-22T08:34:40","date_gmt":"2020-06-22T06:34:40","guid":{"rendered":"https:\/\/deportes.umh.es\/?p=9989"},"modified":"2020-06-22T11:59:11","modified_gmt":"2020-06-22T09:59:11","slug":"premios-fta-para-deportistas-titulados-en-el-curso-2019-20","status":"publish","type":"post","link":"https:\/\/deportes.umh.es\/ca\/2020\/06\/22\/premios-fta-para-deportistas-titulados-en-el-curso-2019-20\/","title":{"rendered":"Premis FTA per a esportistes Titulats en el curs 2019\/20"},"content":{"rendered":"<p>S&#8217;ha publicat la convocat\u00f2ria en el BOUMH dels premis FTA per als esportistes universitaris que s&#8217;han TITULAT en el curs 2019\/20. Hi ha dos premis, a el millor esportista titulat i a la millor esportista titulada que hagin finalitzat els seus estudis durant el curs 2019\/2020, en les universitats valencianes que participen en el Campionat Auton\u00f2mic d&#8217;Esport Universitari.<\/p>\n<p>L&#8217;acc\u00e9s a la publicaci\u00f3 est\u00e0 en el seg\u00fcent enlla\u00e7: https:\/\/boumh.umh.es\/files\/2020\/06\/RR_00849_2020.pdf<\/p>\n<p>Recordem que el per\u00edode de presentaci\u00f3 s&#8217;iniciar\u00e0 despr\u00e9s de la seva publicaci\u00f3 en el DOGV. Interessat i totes preparadla documentaci\u00f3 perqu\u00e8 una vegada publicat en el DOGV el presentin en el termini i data establert.<\/p>","protected":false},"excerpt":{"rendered":"<p>S&#8217;ha publicat la convocat\u00f2ria en el BOUMH dels premis FTA per als esportistes universitaris que s&#8217;han TITULAT en el curs 2019\/20. Hi ha dos premis, a el millor esportista titulat i a la millor esportista titulada que hagin finalitzat els seus estudis durant el curs 2019\/2020, en les universitats valencianes que participen en el Campionat [&#8230;]<\/p>\n","protected":false},"author":3216,"featured_media":0,"comment_status":"closed","ping_status":"open","sticky":false,"template":"","format":"standard","meta":{"_links_to":"","_links_to_target":""},"categories":[1],"tags":[],"_links":{"self":[{"href":"https:\/\/deportes.umh.es\/ca\/wp-json\/wp\/v2\/posts\/9989"}],"collection":[{"href":"https:\/\/deportes.umh.es\/ca\/wp-json\/wp\/v2\/posts"}],"about":[{"href":"https:\/\/deportes.umh.es\/ca\/wp-json\/wp\/v2\/types\/post"}],"author":[{"embeddable":true,"href":"https:\/\/deportes.umh.es\/ca\/wp-json\/wp\/v2\/users\/3216"}],"replies":[{"embeddable":true,"href":"https:\/\/deportes.umh.es\/ca\/wp-json\/wp\/v2\/comments?post=9989"}],"version-history":[{"count":0,"href":"https:\/\/deportes.umh.es\/ca\/wp-json\/wp\/v2\/posts\/9989\/revisions"}],"wp:attachment":[{"href":"https:\/\/deportes.umh.es\/ca\/wp-json\/wp\/v2\/media?parent=9989"}],"wp:term":[{"taxonomy":"category","embeddable":true,"href":"https:\/\/deportes.umh.es\/ca\/wp-json\/wp\/v2\/categories?post=9989"},{"taxonomy":"post_tag","embeddable":true,"href":"https:\/\/deportes.umh.es\/ca\/wp-json\/wp\/v2\/tags?post=9989"}],"curies":[{"name":"wp","href":"https:\/\/api.w.org\/{rel}","templated":true}]}}