{"id":9528,"date":"2020-02-13T13:05:49","date_gmt":"2020-02-13T12:05:49","guid":{"rendered":"https:\/\/deportes.umh.es\/?p=9528"},"modified":"2020-02-18T13:58:32","modified_gmt":"2020-02-18T12:58:32","slug":"cadu-individuales-del-mes-de-marzo","status":"publish","type":"post","link":"https:\/\/deportes.umh.es\/ca\/2020\/02\/13\/cadu-individuales-del-mes-de-marzo\/","title":{"rendered":"CADU individuals del mes de Mar\u00e7"},"content":{"rendered":"<p>Aquests s\u00f3n els CADU individuals que es disputaran al mes de mar\u00e7. Si est\u00e0s interessat en participar i representar la UMH encara est\u00e0s a temps. Apunta&#8217;t a trav\u00e9s del formulari del web. Comptem amb tu!<\/p>\n<p><a href=\"https:\/\/deportes.umh.es\/files\/2020\/02\/Cartel-Marzo-CADU-2.jpg\"><img loading=\"lazy\" class=\"aligncenter size-medium wp-image-9545\" src=\"https:\/\/deportes.umh.es\/files\/2020\/02\/Cartel-Marzo-CADU-2-140x300.jpg\" alt=\"\" width=\"140\" height=\"300\" srcset=\"https:\/\/deportes.umh.es\/files\/2020\/02\/Cartel-Marzo-CADU-2-140x300.jpg 140w, https:\/\/deportes.umh.es\/files\/2020\/02\/Cartel-Marzo-CADU-2-768x1651.jpg 768w, https:\/\/deportes.umh.es\/files\/2020\/02\/Cartel-Marzo-CADU-2-476x1024.jpg 476w, https:\/\/deportes.umh.es\/files\/2020\/02\/Cartel-Marzo-CADU-2.jpg 800w\" sizes=\"(max-width: 140px) 100vw, 140px\" \/><\/a><\/p>","protected":false},"excerpt":{"rendered":"<p>Aquests s\u00f3n els CADU individuals que es disputaran al mes de mar\u00e7. Si est\u00e0s interessat en participar i representar la UMH encara est\u00e0s a temps. Apunta&#8217;t a trav\u00e9s del formulari del web. Comptem amb tu!<\/p>\n","protected":false},"author":3216,"featured_media":0,"comment_status":"closed","ping_status":"open","sticky":false,"template":"","format":"standard","meta":{"_links_to":"","_links_to_target":""},"categories":[797,1],"tags":[],"_links":{"self":[{"href":"https:\/\/deportes.umh.es\/ca\/wp-json\/wp\/v2\/posts\/9528"}],"collection":[{"href":"https:\/\/deportes.umh.es\/ca\/wp-json\/wp\/v2\/posts"}],"about":[{"href":"https:\/\/deportes.umh.es\/ca\/wp-json\/wp\/v2\/types\/post"}],"author":[{"embeddable":true,"href":"https:\/\/deportes.umh.es\/ca\/wp-json\/wp\/v2\/users\/3216"}],"replies":[{"embeddable":true,"href":"https:\/\/deportes.umh.es\/ca\/wp-json\/wp\/v2\/comments?post=9528"}],"version-history":[{"count":0,"href":"https:\/\/deportes.umh.es\/ca\/wp-json\/wp\/v2\/posts\/9528\/revisions"}],"wp:attachment":[{"href":"https:\/\/deportes.umh.es\/ca\/wp-json\/wp\/v2\/media?parent=9528"}],"wp:term":[{"taxonomy":"category","embeddable":true,"href":"https:\/\/deportes.umh.es\/ca\/wp-json\/wp\/v2\/categories?post=9528"},{"taxonomy":"post_tag","embeddable":true,"href":"https:\/\/deportes.umh.es\/ca\/wp-json\/wp\/v2\/tags?post=9528"}],"curies":[{"name":"wp","href":"https:\/\/api.w.org\/{rel}","templated":true}]}}