{"id":8126,"date":"2019-05-06T11:09:48","date_gmt":"2019-05-06T09:09:48","guid":{"rendered":"http:\/\/deportes.umh.es\/?p=8126"},"modified":"2019-05-07T14:08:57","modified_gmt":"2019-05-07T12:08:57","slug":"medalla-de-oro-en-los-ceu-de-karate-2019","status":"publish","type":"post","link":"https:\/\/deportes.umh.es\/ca\/2019\/05\/06\/medalla-de-oro-en-los-ceu-de-karate-2019\/","title":{"rendered":"Medalla d\u00b4Or als CEU de Karate 2019"},"content":{"rendered":"<p>Alejandro Benet Jim\u00e9nez, en categoria de + 84kg, medalla d&#8217;or en els Campionats d&#8217;Espanya Universitaris de Karate celebrats aquest dissabte a les instal\u00b7lacions del poliesportiu de Sant Joan i organitzats per la UMH.<\/p>\n<p>Jos\u00e9 Mar\u00eda S\u00e1nchez Prieto es va quedar a les portes de la medalla al quart lloc de la categoria de -67 kg.<\/p>\n<p>Enhorabona a tots dos.<\/p>\n<p><img loading=\"lazy\" class=\"alignnone size-medium wp-image-8123\" src=\"https:\/\/deportes.umh.es\/files\/2019\/05\/IMG_20190504_190422-225x300.jpg\" alt=\"\" width=\"225\" height=\"300\" srcset=\"https:\/\/deportes.umh.es\/files\/2019\/05\/IMG_20190504_190422-225x300.jpg 225w, https:\/\/deportes.umh.es\/files\/2019\/05\/IMG_20190504_190422-768x1024.jpg 768w\" sizes=\"(max-width: 225px) 100vw, 225px\" \/><\/p>","protected":false},"excerpt":{"rendered":"<p>Alejandro Benet Jim\u00e9nez, en categoria de + 84kg, medalla d&#8217;or en els Campionats d&#8217;Espanya Universitaris de Karate celebrats aquest dissabte a les instal\u00b7lacions del poliesportiu de Sant Joan i organitzats per la UMH.<br \/>\nJos\u00e9 Mar\u00eda S\u00e1nchez Prieto es va quedar a les portes de la medalla al quart lloc de la categoria de -67 kg.<br \/>\nEnhorabona a [&#8230;]<\/p>\n","protected":false},"author":47,"featured_media":0,"comment_status":"closed","ping_status":"open","sticky":false,"template":"","format":"standard","meta":{"_links_to":"","_links_to_target":""},"categories":[802,776,778,825,55195,783,789],"tags":[],"_links":{"self":[{"href":"https:\/\/deportes.umh.es\/ca\/wp-json\/wp\/v2\/posts\/8126"}],"collection":[{"href":"https:\/\/deportes.umh.es\/ca\/wp-json\/wp\/v2\/posts"}],"about":[{"href":"https:\/\/deportes.umh.es\/ca\/wp-json\/wp\/v2\/types\/post"}],"author":[{"embeddable":true,"href":"https:\/\/deportes.umh.es\/ca\/wp-json\/wp\/v2\/users\/47"}],"replies":[{"embeddable":true,"href":"https:\/\/deportes.umh.es\/ca\/wp-json\/wp\/v2\/comments?post=8126"}],"version-history":[{"count":0,"href":"https:\/\/deportes.umh.es\/ca\/wp-json\/wp\/v2\/posts\/8126\/revisions"}],"wp:attachment":[{"href":"https:\/\/deportes.umh.es\/ca\/wp-json\/wp\/v2\/media?parent=8126"}],"wp:term":[{"taxonomy":"category","embeddable":true,"href":"https:\/\/deportes.umh.es\/ca\/wp-json\/wp\/v2\/categories?post=8126"},{"taxonomy":"post_tag","embeddable":true,"href":"https:\/\/deportes.umh.es\/ca\/wp-json\/wp\/v2\/tags?post=8126"}],"curies":[{"name":"wp","href":"https:\/\/api.w.org\/{rel}","templated":true}]}}