{"id":7766,"date":"2019-03-14T10:37:32","date_gmt":"2019-03-14T09:37:32","guid":{"rendered":"http:\/\/deportes.umh.es\/?p=7766"},"modified":"2019-03-14T14:09:04","modified_gmt":"2019-03-14T13:09:04","slug":"oferta-laboral-monitor-a-actividades-dirigidas","status":"publish","type":"post","link":"https:\/\/deportes.umh.es\/ca\/2019\/03\/14\/oferta-laboral-monitor-a-actividades-dirigidas\/","title":{"rendered":"Monitor d&#8217;activitats col\u00b7lectives Campus de Sant Joan"},"content":{"rendered":"<p>Amb motiu de l&#8217;obertura de les noves instal\u00b7lacions esportives del campus de Sant Joan de la Universitat Miguel Hern\u00e1ndez, es requerixen monitors amb possibilitat d&#8217;incorporaci\u00f3 immediata i flexibilitat hor\u00e0ria, que cobrisquen les necessitats seg\u00fcents:<\/p>\n<p>&#8211; Monitor d&#8217;activitats col\u00b7lectives (pilates, palissa, cardioboxeo, TBC\/GAP, circuit de desenrotllament de la for\u00e7a, etc.) .<\/p>\n<p><strong>Funcions:<\/strong><\/p>\n<ul>\n<li>Ser\u00e0 el responsable de dissenyar i impartir les sessions basant-se en els criteris metodol\u00f2gics de programaci\u00f3 i planificaci\u00f3 que requerisca l&#8217;activitat, adaptant-la a la condici\u00f3 f\u00edsica i nivell dels usuaris.<\/li>\n<li>Atenci\u00f3 a l&#8217;usuari i resposta a les seues q\u00fcestions i suggeriments.<\/li>\n<\/ul>\n<p><strong>Horaris:<\/strong><\/p>\n<ul>\n<li>Es requerix cobrir diferents torns d&#8217;activitats en horari de matins, migdies i vesprades.<\/li>\n<li>L&#8217;horari podria modificar-se en funci\u00f3 de les demandes dels usuaris.<\/li>\n<li>Possibilitat d&#8217;ampliar el nombre d&#8217;hores com a monitor en sala de musculaci\u00f3 una vegada la sala estiga habilitada.<\/li>\n<\/ul>\n<p><strong>Requisits: <\/strong><\/p>\n<ul>\n<li>Estudiants del grau en Ci\u00e8ncies de l&#8217;Activitat F\u00edsica i l&#8217;Esport.<\/li>\n<li>Formaci\u00f3 espec\u00edfica en activitats col\u00b7lectives.<\/li>\n<li>Es valora l&#8217;experi\u00e8ncia demostrada.<\/li>\n<li>Es valora un perfil que puga cobrir diferents tipus de classes col\u00b7lectives.<\/li>\n<li>Habilitats socials.<\/li>\n<li>Capacitat de treball en equip.<\/li>\n<li>Incorporaci\u00f3 immediata i flexibilitat hor\u00e0ria.<\/li>\n<\/ul>\n<p>Si est\u00e0s interessat en esta oferta de pr\u00e0ctiques pots enviar el teu curriculum vitae a l&#8217;adre\u00e7a de correu: actividades.palau\\@umh.es indicant en l&#8217;anunci\u00a0 MONITOR ESPORTIU CAMPUS SANT JOAN. En el cos del missatge et demanem que ens informes sobre la teua disponibilitat hor\u00e0ria.<\/p>\n<p>Tens de termini fins al dia 20 de mar\u00e7 a les 15:00 h.<\/p>","protected":false},"excerpt":{"rendered":"<p>Amb motiu de l&#8217;obertura de les noves instal\u00b7lacions esportives del campus de Sant Joan de la Universitat Miguel Hern\u00e1ndez, es requerixen monitors amb possibilitat d&#8217;incorporaci\u00f3 immediata i flexibilitat hor\u00e0ria, que cobrisquen les necessitats seg\u00fcents:<br \/>\n&#8211; Monitor d&#8217;activitats col\u00b7lectives (pilates, palissa, cardioboxeo, TBC\/GAP, circuit de desenrotllament de la for\u00e7a, etc.) .<br \/>\nFuncions:<\/p>\n<p>Ser\u00e0 el responsable de dissenyar i impartir [&#8230;]<\/p>\n","protected":false},"author":2660,"featured_media":0,"comment_status":"closed","ping_status":"open","sticky":false,"template":"","format":"standard","meta":{"_links_to":"","_links_to_target":""},"categories":[55196,1],"tags":[],"_links":{"self":[{"href":"https:\/\/deportes.umh.es\/ca\/wp-json\/wp\/v2\/posts\/7766"}],"collection":[{"href":"https:\/\/deportes.umh.es\/ca\/wp-json\/wp\/v2\/posts"}],"about":[{"href":"https:\/\/deportes.umh.es\/ca\/wp-json\/wp\/v2\/types\/post"}],"author":[{"embeddable":true,"href":"https:\/\/deportes.umh.es\/ca\/wp-json\/wp\/v2\/users\/2660"}],"replies":[{"embeddable":true,"href":"https:\/\/deportes.umh.es\/ca\/wp-json\/wp\/v2\/comments?post=7766"}],"version-history":[{"count":0,"href":"https:\/\/deportes.umh.es\/ca\/wp-json\/wp\/v2\/posts\/7766\/revisions"}],"wp:attachment":[{"href":"https:\/\/deportes.umh.es\/ca\/wp-json\/wp\/v2\/media?parent=7766"}],"wp:term":[{"taxonomy":"category","embeddable":true,"href":"https:\/\/deportes.umh.es\/ca\/wp-json\/wp\/v2\/categories?post=7766"},{"taxonomy":"post_tag","embeddable":true,"href":"https:\/\/deportes.umh.es\/ca\/wp-json\/wp\/v2\/tags?post=7766"}],"curies":[{"name":"wp","href":"https:\/\/api.w.org\/{rel}","templated":true}]}}