{"id":7409,"date":"2018-12-05T11:28:40","date_gmt":"2018-12-05T10:28:40","guid":{"rendered":"http:\/\/deportes.umh.es\/?p=7409"},"modified":"2018-12-05T11:31:19","modified_gmt":"2018-12-05T10:31:19","slug":"cadu-golf-2018","status":"publish","type":"post","link":"https:\/\/deportes.umh.es\/ca\/2018\/12\/05\/cadu-golf-2018\/","title":{"rendered":"CADU Golf 2018"},"content":{"rendered":"<p>Representants CADU Golf\u00a0UMH:<\/p>\n<p>Alejandro Monta\u00f1\u00e9s Vilar &#8211; <span class=\"tlid-translation translation\"><span title=\"\">Medalla d&#8217;<\/span><span title=\"\">OR<\/span><\/span><\/p>\n<p>Jos\u00e9 G\u00f3mez Sanmart\u00edn &#8211; <span class=\"tlid-translation translation\"><span title=\"\">9\u00e8 lloc<\/span><\/span><\/p>\n<p><a href=\"https:\/\/deportes.umh.es\/files\/2018\/12\/IMG-20181204-WA0038.jpg\">Resultats<\/a><\/p>\n<p><a href=\"https:\/\/deportes.umh.es\/2018\/12\/05\/cadu-golf-2018\/img-20181204-wa0037\/\" rel=\"attachment wp-att-7415\"><img loading=\"lazy\" class=\"alignnone size-medium wp-image-7415\" src=\"https:\/\/deportes.umh.es\/files\/2018\/12\/IMG-20181204-WA0037-225x300.jpg\" alt=\"\" width=\"225\" height=\"300\" srcset=\"https:\/\/deportes.umh.es\/files\/2018\/12\/IMG-20181204-WA0037-225x300.jpg 225w, https:\/\/deportes.umh.es\/files\/2018\/12\/IMG-20181204-WA0037-768x1024.jpg 768w, https:\/\/deportes.umh.es\/files\/2018\/12\/IMG-20181204-WA0037.jpg 1200w\" sizes=\"(max-width: 225px) 100vw, 225px\" \/>\u00a0<\/a><a href=\"https:\/\/deportes.umh.es\/2018\/12\/05\/cadu-golf-2018\/img-20181204-wa0025\/\" rel=\"attachment wp-att-7412\"><img loading=\"lazy\" class=\"alignnone size-medium wp-image-7412\" src=\"https:\/\/deportes.umh.es\/files\/2018\/12\/IMG-20181204-WA0025-225x300.jpg\" alt=\"\" width=\"225\" height=\"300\" srcset=\"https:\/\/deportes.umh.es\/files\/2018\/12\/IMG-20181204-WA0025-225x300.jpg 225w, https:\/\/deportes.umh.es\/files\/2018\/12\/IMG-20181204-WA0025-768x1024.jpg 768w, https:\/\/deportes.umh.es\/files\/2018\/12\/IMG-20181204-WA0025.jpg 1200w\" sizes=\"(max-width: 225px) 100vw, 225px\" \/>\u00a0<\/a><\/p>","protected":false},"excerpt":{"rendered":"<p>Representants CADU Golf\u00a0UMH:<br \/>\nAlejandro Monta\u00f1\u00e9s Vilar &#8211; Medalla d&#8217;OR<br \/>\nJos\u00e9 G\u00f3mez Sanmart\u00edn &#8211; 9\u00e8 lloc<br \/>\nResultats<br \/>\n\u00a0\u00a0<\/p>\n","protected":false},"author":544,"featured_media":0,"comment_status":"closed","ping_status":"open","sticky":false,"template":"","format":"standard","meta":{"_links_to":"","_links_to_target":""},"categories":[797,776,778,823,783,793],"tags":[],"_links":{"self":[{"href":"https:\/\/deportes.umh.es\/ca\/wp-json\/wp\/v2\/posts\/7409"}],"collection":[{"href":"https:\/\/deportes.umh.es\/ca\/wp-json\/wp\/v2\/posts"}],"about":[{"href":"https:\/\/deportes.umh.es\/ca\/wp-json\/wp\/v2\/types\/post"}],"author":[{"embeddable":true,"href":"https:\/\/deportes.umh.es\/ca\/wp-json\/wp\/v2\/users\/544"}],"replies":[{"embeddable":true,"href":"https:\/\/deportes.umh.es\/ca\/wp-json\/wp\/v2\/comments?post=7409"}],"version-history":[{"count":0,"href":"https:\/\/deportes.umh.es\/ca\/wp-json\/wp\/v2\/posts\/7409\/revisions"}],"wp:attachment":[{"href":"https:\/\/deportes.umh.es\/ca\/wp-json\/wp\/v2\/media?parent=7409"}],"wp:term":[{"taxonomy":"category","embeddable":true,"href":"https:\/\/deportes.umh.es\/ca\/wp-json\/wp\/v2\/categories?post=7409"},{"taxonomy":"post_tag","embeddable":true,"href":"https:\/\/deportes.umh.es\/ca\/wp-json\/wp\/v2\/tags?post=7409"}],"curies":[{"name":"wp","href":"https:\/\/api.w.org\/{rel}","templated":true}]}}