{"id":733,"date":"2010-06-10T10:37:22","date_gmt":"2010-06-10T09:37:22","guid":{"rendered":"http:\/\/deportes.zeus.umh.es\/?p=733"},"modified":"2010-06-10T10:37:22","modified_gmt":"2010-06-10T09:37:22","slug":"clausura-de-la-escuela-de-golf-para-discapacitados","status":"publish","type":"post","link":"https:\/\/deportes.umh.es\/ca\/2010\/06\/10\/clausura-de-la-escuela-de-golf-para-discapacitados\/","title":{"rendered":"Clausura de la Escuela de Golf para discapacitados"},"content":{"rendered":"<p>El curso de la escuela de golf para discapacitados cierra sus puertas para disfrutar del verano y del buen tiempo. Ha sido un a\u00f1o de trabajo y esfuerzo para sus alumnos pero ahora toca descansar.<\/p>\n<p><a href=\"https:\/\/deportes.umh.es\/files\/2010\/06\/golf1.jpg\"><img loading=\"lazy\" class=\"alignnone size-thumbnail wp-image-734\" src=\"https:\/\/deportes.umh.es\/files\/2010\/06\/golf1-150x150.jpg\" alt=\"\" width=\"150\" height=\"150\" \/><\/a>\u00a0<a href=\"https:\/\/deportes.umh.es\/files\/2010\/06\/golf2.jpg\"><img loading=\"lazy\" class=\"alignnone size-thumbnail wp-image-735\" src=\"https:\/\/deportes.umh.es\/files\/2010\/06\/golf2-150x150.jpg\" alt=\"\" width=\"150\" height=\"150\" \/><\/a><\/p>\n<p><!--more--><\/p>\n<p>El evento de clausura ha tenido lugar en el Club de Golf Alenda donde los alumnos han dado su \u00faltima clase acompa\u00f1ados de profesores, familiares y representantes de las entidades colaboradoras con el proyecto como Antonio Per\u00e1n de la Fundaci\u00f3n Ju\u00e1n Per\u00e1n-pikolinos; Javier Borja, Director de Alenda Club de Golf; C\u00e9sar Tom\u00e1s, Gestor Deportivo de la Universidad Miguel Hern\u00e1ndez; el Director General de la Fundaci\u00f3 de L\u2019Esport Il\u2022lict\u00e0, Fernando Ja\u00e9n y Tom\u00e1s Espinosa Gerente de \u00e9sta.<\/p>\n<p>Los\u00a0 20 chicos y chicas que entrenan esta modalidad todas las semanas demostraron en la hierba todo lo que han aprendido de la mano de Castro y Juan Carlos Mart\u00ednez, dos grandes profesionales del golf. \u201c<em>Desde el inicio de curso se pueden observar los avances que han hecho, especialmente en coordinaci\u00f3n y disciplina<\/em>\u201d afirmaron ambos profesores.<\/p>\n<p>La finalidad de este proyecto es prepararlos para que compitan con otras escuelas espa\u00f1olas de golf para disminuidos f\u00edsicos y ps\u00edquicos. \u201c<em>Estamos con los alumnos desde hace dos a\u00f1os y observando los progresos que est\u00e1n realizando, en dos a\u00f1os ya podr\u00e1n competir<\/em>\u201d afirmaba el profesor Castro.<br \/>\n\u00a0<br \/>\nDespu\u00e9s de una tarde de trabajo y alguna que otra risa, se han despedido de sus compa\u00f1eros con una merienda para recuperar la energ\u00eda y seguir con ese buen humor que tanto les caracteriza.\u00a0<\/p>\n<p>La jornada ha concluido con entra\u00f1ables abrazos y con muchas ganas de continuar el a\u00f1o que viene. Adem\u00e1s, la Fundaci\u00f3n Juan Per\u00e1n-Pikolinos les ha hecho entrega de una bolsa con una gorra y una camiseta que han recibido con mucha ilusi\u00f3n.<\/p>\n","protected":false},"excerpt":{"rendered":"<p>El curso de la escuela de golf para discapacitados cierra sus puertas para disfrutar del verano y del buen tiempo. Ha sido un a\u00f1o de trabajo y esfuerzo para sus alumnos pero ahora toca descansar.<br \/>\n\u00a0<\/p>\n<p>El evento de clausura ha tenido lugar en el Club de Golf Alenda donde los alumnos han dado su \u00faltima clase [&#8230;]<\/p>\n","protected":false},"author":47,"featured_media":0,"comment_status":"closed","ping_status":"open","sticky":false,"template":"","format":"standard","meta":{"_links_to":"","_links_to_target":""},"categories":[773,69,778,507,823],"tags":[],"_links":{"self":[{"href":"https:\/\/deportes.umh.es\/ca\/wp-json\/wp\/v2\/posts\/733"}],"collection":[{"href":"https:\/\/deportes.umh.es\/ca\/wp-json\/wp\/v2\/posts"}],"about":[{"href":"https:\/\/deportes.umh.es\/ca\/wp-json\/wp\/v2\/types\/post"}],"author":[{"embeddable":true,"href":"https:\/\/deportes.umh.es\/ca\/wp-json\/wp\/v2\/users\/47"}],"replies":[{"embeddable":true,"href":"https:\/\/deportes.umh.es\/ca\/wp-json\/wp\/v2\/comments?post=733"}],"version-history":[{"count":0,"href":"https:\/\/deportes.umh.es\/ca\/wp-json\/wp\/v2\/posts\/733\/revisions"}],"wp:attachment":[{"href":"https:\/\/deportes.umh.es\/ca\/wp-json\/wp\/v2\/media?parent=733"}],"wp:term":[{"taxonomy":"category","embeddable":true,"href":"https:\/\/deportes.umh.es\/ca\/wp-json\/wp\/v2\/categories?post=733"},{"taxonomy":"post_tag","embeddable":true,"href":"https:\/\/deportes.umh.es\/ca\/wp-json\/wp\/v2\/tags?post=733"}],"curies":[{"name":"wp","href":"https:\/\/api.w.org\/{rel}","templated":true}]}}