{"id":7034,"date":"2018-09-07T13:32:42","date_gmt":"2018-09-07T11:32:42","guid":{"rendered":"http:\/\/deportes.umh.es\/?p=7034"},"modified":"2018-09-10T09:42:17","modified_gmt":"2018-09-10T07:42:17","slug":"abierto-plazo-de-inscripcion-actividades-dirigidas-del-primer-trimestre","status":"publish","type":"post","link":"https:\/\/deportes.umh.es\/ca\/2018\/09\/07\/abierto-plazo-de-inscripcion-actividades-dirigidas-del-primer-trimestre\/","title":{"rendered":"Activitats dirigides Primer trimestre"},"content":{"rendered":"<p>Ja est\u00e0 obert el termini d&#8217;inscripci\u00f3 de les activitats dirigides, Programa de Musculaci\u00f3 i Cardio del Primer Trimestre.<\/p>\n<p>Inscriu-te a la p\u00e0gina https:\/\/actividadesdeportivas.umh.es\/Login, i recorda que pots accedir a totes les activitats pagant nom\u00e9s un.<\/p>\n<p>Per al Programa de Musculaci\u00f3 i Cardio entra aqu\u00ed.<\/p>\n<p>Comen\u00e7a a moure&#8217;t amb nosaltres despr\u00e9s de l&#8217;estiu, t&#8217;esperem!<\/p>\n<p>Pots consultar l&#8217;horari de les activitats a la seg\u00fcent taula:<\/p>\n<p><a href=\"https:\/\/deportes.umh.es\/files\/2018\/09\/HORARIO-Primer-trimestre-2018-2019.png\"><img loading=\"lazy\" class=\"alignnone size-medium wp-image-7043\" src=\"https:\/\/deportes.umh.es\/files\/2018\/09\/HORARIO-Primer-trimestre-2018-2019-300x212.png\" alt=\"\" width=\"300\" height=\"212\" srcset=\"https:\/\/deportes.umh.es\/files\/2018\/09\/HORARIO-Primer-trimestre-2018-2019-300x212.png 300w, https:\/\/deportes.umh.es\/files\/2018\/09\/HORARIO-Primer-trimestre-2018-2019-768x543.png 768w, https:\/\/deportes.umh.es\/files\/2018\/09\/HORARIO-Primer-trimestre-2018-2019-1024x724.png 1024w\" sizes=\"(max-width: 300px) 100vw, 300px\" \/><\/a><\/p>\n<p><a href=\"https:\/\/deportes.umh.es\/files\/2018\/09\/Primer-trimestre-San-Juan.png\"><img loading=\"lazy\" class=\"alignnone size-medium wp-image-7040\" src=\"https:\/\/deportes.umh.es\/files\/2018\/09\/Primer-trimestre-San-Juan-300x84.png\" alt=\"\" width=\"300\" height=\"84\" srcset=\"https:\/\/deportes.umh.es\/files\/2018\/09\/Primer-trimestre-San-Juan-300x84.png 300w, https:\/\/deportes.umh.es\/files\/2018\/09\/Primer-trimestre-San-Juan-768x216.png 768w, https:\/\/deportes.umh.es\/files\/2018\/09\/Primer-trimestre-San-Juan-1024x288.png 1024w, https:\/\/deportes.umh.es\/files\/2018\/09\/Primer-trimestre-San-Juan.png 1105w\" sizes=\"(max-width: 300px) 100vw, 300px\" \/><\/a><\/p>","protected":false},"excerpt":{"rendered":"<p>Ja est\u00e0 obert el termini d&#8217;inscripci\u00f3 de les activitats dirigides, Programa de Musculaci\u00f3 i Cardio del Primer Trimestre.<br \/>\nInscriu-te a la p\u00e0gina https:\/\/actividadesdeportivas.umh.es\/Login, i recorda que pots accedir a totes les activitats pagant nom\u00e9s un.<br \/>\nPer al Programa de Musculaci\u00f3 i Cardio entra aqu\u00ed.<br \/>\nComen\u00e7a a moure&#8217;t amb nosaltres despr\u00e9s de l&#8217;estiu, t&#8217;esperem!<br \/>\nPots consultar l&#8217;horari de les activitats [&#8230;]<\/p>\n","protected":false},"author":46,"featured_media":0,"comment_status":"closed","ping_status":"open","sticky":false,"template":"","format":"standard","meta":{"_links_to":"","_links_to_target":""},"categories":[55196,856,862,865,866,867,869,774,69,815,819,821,4055,834,55199,791,841,21586],"tags":[],"_links":{"self":[{"href":"https:\/\/deportes.umh.es\/ca\/wp-json\/wp\/v2\/posts\/7034"}],"collection":[{"href":"https:\/\/deportes.umh.es\/ca\/wp-json\/wp\/v2\/posts"}],"about":[{"href":"https:\/\/deportes.umh.es\/ca\/wp-json\/wp\/v2\/types\/post"}],"author":[{"embeddable":true,"href":"https:\/\/deportes.umh.es\/ca\/wp-json\/wp\/v2\/users\/46"}],"replies":[{"embeddable":true,"href":"https:\/\/deportes.umh.es\/ca\/wp-json\/wp\/v2\/comments?post=7034"}],"version-history":[{"count":0,"href":"https:\/\/deportes.umh.es\/ca\/wp-json\/wp\/v2\/posts\/7034\/revisions"}],"wp:attachment":[{"href":"https:\/\/deportes.umh.es\/ca\/wp-json\/wp\/v2\/media?parent=7034"}],"wp:term":[{"taxonomy":"category","embeddable":true,"href":"https:\/\/deportes.umh.es\/ca\/wp-json\/wp\/v2\/categories?post=7034"},{"taxonomy":"post_tag","embeddable":true,"href":"https:\/\/deportes.umh.es\/ca\/wp-json\/wp\/v2\/tags?post=7034"}],"curies":[{"name":"wp","href":"https:\/\/api.w.org\/{rel}","templated":true}]}}