{"id":4923,"date":"2016-11-21T12:35:03","date_gmt":"2016-11-21T11:35:03","guid":{"rendered":"http:\/\/deportes.umh.es\/?p=4923"},"modified":"2016-11-21T12:35:03","modified_gmt":"2016-11-21T11:35:03","slug":"participacion-umh-en-maraton-cadu","status":"publish","type":"post","link":"https:\/\/deportes.umh.es\/ca\/2016\/11\/21\/participacion-umh-en-maraton-cadu\/","title":{"rendered":"Participaci\u00f3 UMH Marat\u00f3 CADU."},"content":{"rendered":"<p><strong>Ricardo Zazo S\u00e1nchez-Mateos<\/strong> va representar a la UMH en la competici\u00f3 de CADU Marat\u00f3, prova celebrada el diumenge 20 de novembre dins de la <strong>Marat\u00f3 Val\u00e8ncia Trinidad Alfonso EDP.<\/strong><\/p>\n<blockquote data-secret=\"ekxZi5bIlu\" class=\"wp-embedded-content\"><p><a href=\"http:\/\/www.valenciaciudaddelrunning.com\/maraton\/clasificaciones-maraton-2016\/\">Clasificaciones Marat\u00f3n 2016<\/a><\/p><\/blockquote>\n<p><iframe class=\"wp-embedded-content\" sandbox=\"allow-scripts\" security=\"restricted\" style=\"position: absolute; clip: rect(1px, 1px, 1px, 1px);\" src=\"http:\/\/www.valenciaciudaddelrunning.com\/maraton\/clasificaciones-maraton-2016\/embed\/#?secret=ekxZi5bIlu\" data-secret=\"ekxZi5bIlu\" width=\"500\" height=\"282\" title=\"&#8220;Clasificaciones Marat\u00f3n 2016&#8221; &#8212; Valencia Ciudad del Running\" frameborder=\"0\" marginwidth=\"0\" marginheight=\"0\" scrolling=\"no\"><\/iframe><\/p>\n<p><a href=\"https:\/\/deportes.umh.es\/files\/2016\/11\/Marat\u00f3n-Valencia-Ricardo-Zazo-1.jpg\"><img loading=\"lazy\" class=\"alignnone size-medium wp-image-4924\" src=\"https:\/\/deportes.umh.es\/files\/2016\/11\/Marat\u00f3n-Valencia-Ricardo-Zazo-1-225x300.jpg\" alt=\"maraton-valencia-ricardo-zazo-1\" width=\"225\" height=\"300\" srcset=\"https:\/\/deportes.umh.es\/files\/2016\/11\/Marat\u00f3n-Valencia-Ricardo-Zazo-1-225x300.jpg 225w, https:\/\/deportes.umh.es\/files\/2016\/11\/Marat\u00f3n-Valencia-Ricardo-Zazo-1-768x1024.jpg 768w, https:\/\/deportes.umh.es\/files\/2016\/11\/Marat\u00f3n-Valencia-Ricardo-Zazo-1.jpg 1200w\" sizes=\"(max-width: 225px) 100vw, 225px\" \/><\/a><\/p>\n<p><a href=\"https:\/\/deportes.umh.es\/files\/2016\/11\/Tiempos-Marat\u00f3n-Valencia-UMH-2.jpg\"><img loading=\"lazy\" class=\"alignnone size-medium wp-image-4927\" src=\"https:\/\/deportes.umh.es\/files\/2016\/11\/Tiempos-Marat\u00f3n-Valencia-UMH-2-300x23.jpg\" alt=\"tiempos-maraton-valencia-umh\" width=\"300\" height=\"23\" srcset=\"https:\/\/deportes.umh.es\/files\/2016\/11\/Tiempos-Marat\u00f3n-Valencia-UMH-2-300x23.jpg 300w, https:\/\/deportes.umh.es\/files\/2016\/11\/Tiempos-Marat\u00f3n-Valencia-UMH-2-768x59.jpg 768w, https:\/\/deportes.umh.es\/files\/2016\/11\/Tiempos-Marat\u00f3n-Valencia-UMH-2.jpg 959w\" sizes=\"(max-width: 300px) 100vw, 300px\" \/><\/a><\/p>","protected":false},"excerpt":{"rendered":"<p>Ricardo Zazo S\u00e1nchez-Mateos va representar a la UMH en la competici\u00f3 de CADU Marat\u00f3, prova celebrada el diumenge 20 de novembre dins de la Marat\u00f3 Val\u00e8ncia Trinidad Alfonso EDP.<br \/>\nClasificaciones Marat\u00f3n 2016<\/p>\n","protected":false},"author":429,"featured_media":0,"comment_status":"closed","ping_status":"open","sticky":false,"template":"","format":"standard","meta":{"_links_to":"","_links_to_target":""},"categories":[797,771,86,807,775,776,778,779,826],"tags":[],"_links":{"self":[{"href":"https:\/\/deportes.umh.es\/ca\/wp-json\/wp\/v2\/posts\/4923"}],"collection":[{"href":"https:\/\/deportes.umh.es\/ca\/wp-json\/wp\/v2\/posts"}],"about":[{"href":"https:\/\/deportes.umh.es\/ca\/wp-json\/wp\/v2\/types\/post"}],"author":[{"embeddable":true,"href":"https:\/\/deportes.umh.es\/ca\/wp-json\/wp\/v2\/users\/429"}],"replies":[{"embeddable":true,"href":"https:\/\/deportes.umh.es\/ca\/wp-json\/wp\/v2\/comments?post=4923"}],"version-history":[{"count":0,"href":"https:\/\/deportes.umh.es\/ca\/wp-json\/wp\/v2\/posts\/4923\/revisions"}],"wp:attachment":[{"href":"https:\/\/deportes.umh.es\/ca\/wp-json\/wp\/v2\/media?parent=4923"}],"wp:term":[{"taxonomy":"category","embeddable":true,"href":"https:\/\/deportes.umh.es\/ca\/wp-json\/wp\/v2\/categories?post=4923"},{"taxonomy":"post_tag","embeddable":true,"href":"https:\/\/deportes.umh.es\/ca\/wp-json\/wp\/v2\/tags?post=4923"}],"curies":[{"name":"wp","href":"https:\/\/api.w.org\/{rel}","templated":true}]}}