{"id":340,"date":"2010-01-21T11:04:08","date_gmt":"2010-01-21T10:04:08","guid":{"rendered":"http:\/\/deportes.zeus.umh.es\/?p=340"},"modified":"2010-01-21T11:04:08","modified_gmt":"2010-01-21T10:04:08","slug":"campeonato-autonomico-de-deporte-universitario-de-futbol-7-femenino","status":"publish","type":"post","link":"https:\/\/deportes.umh.es\/ca\/2010\/01\/21\/campeonato-autonomico-de-deporte-universitario-de-futbol-7-femenino\/","title":{"rendered":"Campeonato Auton\u00f3mico de Deporte Universitario de F\u00fatbol 7 Femenino"},"content":{"rendered":"<p>Los pr\u00f3ximos 10 y 11 de febrero tendr\u00e1 lugar el Campeonato CADU de F\u00fatbol 7 femenino. El campeonato se realizar\u00e1 en el Polideportivo de L`Eliana de Valencia&#8230;<\/p>\n<p><!--more--><\/p>\n<p>\u00a0y en \u00e9l participar\u00e1n los equipos de las siguientes universidades:<\/p>\n<p>Universidad CEU Cardenal Herrera<\/p>\n<p>Universidad de Valencia de Estudios Generales<\/p>\n<p>Universidad Polit\u00e9cnica de Valencia<\/p>\n<p>Universidad Jaume I<\/p>\n<p>Universidad Cat\u00f3lica San Vicente M\u00e1rtir<\/p>\n<p>Universidad Miguel Hern\u00e1ndez<\/p>\n<p>Universidad de Alicante<\/p>\n<p>El equipo ganador de este Campeonato Auton\u00f3mico se clasificar\u00e1 para el Campeonato de Espa\u00f1a Universitario de F\u00fatbol 7.<\/p>\n<p><a href=\"https:\/\/deportes.umh.es\/files\/2010\/01\/proyecto-futbol-71.doc\">Pincha aqu\u00ed para descargarte el programa completo del campeonato<\/a><\/p>\n","protected":false},"excerpt":{"rendered":"<p>Los pr\u00f3ximos 10 y 11 de febrero tendr\u00e1 lugar el Campeonato CADU de F\u00fatbol 7 femenino. El campeonato se realizar\u00e1 en el Polideportivo de L`Eliana de Valencia&#8230;<\/p>\n<p>\u00a0y en \u00e9l participar\u00e1n los equipos de las siguientes universidades:<br \/>\nUniversidad CEU Cardenal Herrera<br \/>\nUniversidad de Valencia de Estudios Generales<br \/>\nUniversidad Polit\u00e9cnica de Valencia<br \/>\nUniversidad Jaume I<br \/>\nUniversidad Cat\u00f3lica San Vicente M\u00e1rtir<br \/>\nUniversidad Miguel Hern\u00e1ndez<br \/>\nUniversidad [&#8230;]<\/p>\n","protected":false},"author":47,"featured_media":0,"comment_status":"closed","ping_status":"open","sticky":false,"template":"","format":"standard","meta":{"_links_to":"","_links_to_target":""},"categories":[797,776,818,507],"tags":[],"_links":{"self":[{"href":"https:\/\/deportes.umh.es\/ca\/wp-json\/wp\/v2\/posts\/340"}],"collection":[{"href":"https:\/\/deportes.umh.es\/ca\/wp-json\/wp\/v2\/posts"}],"about":[{"href":"https:\/\/deportes.umh.es\/ca\/wp-json\/wp\/v2\/types\/post"}],"author":[{"embeddable":true,"href":"https:\/\/deportes.umh.es\/ca\/wp-json\/wp\/v2\/users\/47"}],"replies":[{"embeddable":true,"href":"https:\/\/deportes.umh.es\/ca\/wp-json\/wp\/v2\/comments?post=340"}],"version-history":[{"count":0,"href":"https:\/\/deportes.umh.es\/ca\/wp-json\/wp\/v2\/posts\/340\/revisions"}],"wp:attachment":[{"href":"https:\/\/deportes.umh.es\/ca\/wp-json\/wp\/v2\/media?parent=340"}],"wp:term":[{"taxonomy":"category","embeddable":true,"href":"https:\/\/deportes.umh.es\/ca\/wp-json\/wp\/v2\/categories?post=340"},{"taxonomy":"post_tag","embeddable":true,"href":"https:\/\/deportes.umh.es\/ca\/wp-json\/wp\/v2\/tags?post=340"}],"curies":[{"name":"wp","href":"https:\/\/api.w.org\/{rel}","templated":true}]}}