{"id":2964,"date":"2014-03-04T11:16:08","date_gmt":"2014-03-04T10:16:08","guid":{"rendered":"http:\/\/deportes.umh.es\/?p=2964"},"modified":"2014-03-07T13:41:00","modified_gmt":"2014-03-07T12:41:00","slug":"voluntariado-media-maraton-elche","status":"publish","type":"post","link":"https:\/\/deportes.umh.es\/ca\/2014\/03\/04\/voluntariado-media-maraton-elche\/","title":{"rendered":"Voluntariat Mitja Marat\u00f3 Elx"},"content":{"rendered":"<p>Des de la UMH si col \u00b7 laborar\u00e0 Amb l&#8217;Ajuntament d&#8217;Elx en les jornades de &#8221; Divertimarat\u00f3n &#8221; marat\u00f3 mitjans i . Tots dos esdeveniments necessiten d\u00b4un \u00a0gran desplegament de personal ,com voluntariat , per el que s&#8217;anima tots aquells que vulguin participar.<\/p>\n<p>Les jornades en si celebraran els Dies 29 i 30 de Mar\u00e7.<\/p>\n<p>&#8211; El divendres 28 de Marzo no fenc Esdeveniment Per\u00f2 \u00e9s el clau Dia Per Els Preparatius . Com per exemple, organitzar borses del corredor , etc &#8230;<\/p>\n<p>&#8211; El Dissabte 29 de Mar\u00e7 de Tindr\u00e0 lloc &#8221; Divertimarat\u00f3n &#8221; al Passeig de l&#8217;Estaci\u00f3 .<\/p>\n<p>&#8211; El diumenge 30 de Mar\u00e7 de Lloc Tindr\u00e0 la Mitja marat\u00f3 al Passeig de l&#8217;Estaci\u00f3 .<\/p>\n<p>L&#8217;Ajuntament d&#8217;Elx i concretament la regidoria d&#8217;Esports sol \u00b7 licitaci\u00f3 personal qualificat i espec\u00edfic de la branca esportiva I Que un seu Vegada Pugui servir d&#8217;Experi\u00e8ncia Acad\u00e8mica i Professional , Alumnes de CAFD , fisiologia, podologia &#8230;<br \/>\nPer Qualsevol consulta i inscriure de Com Voluntari Hi haur\u00e0 Que ESCRIURE al email: <a href=\"mailto:divertimaraton14@hotmail.com\" target=\"_blank\">divertimaraton14@hotmail.com<\/a><\/p>","protected":false},"excerpt":{"rendered":"<p>Des de la UMH si col \u00b7 laborar\u00e0 Amb l&#8217;Ajuntament d&#8217;Elx en les jornades de &#8221; Divertimarat\u00f3n &#8221; marat\u00f3 mitjans i . Tots dos esdeveniments necessiten d\u00b4un \u00a0gran desplegament de personal ,com voluntariat , per el que s&#8217;anima tots aquells que vulguin participar.<br \/>\nLes jornades en si celebraran els Dies 29 i 30 de Mar\u00e7.<br \/>\n&#8211; El [&#8230;]<\/p>\n","protected":false},"author":47,"featured_media":0,"comment_status":"closed","ping_status":"open","sticky":false,"template":"","format":"standard","meta":{"_links_to":"","_links_to_target":""},"categories":[69,507,826],"tags":[],"_links":{"self":[{"href":"https:\/\/deportes.umh.es\/ca\/wp-json\/wp\/v2\/posts\/2964"}],"collection":[{"href":"https:\/\/deportes.umh.es\/ca\/wp-json\/wp\/v2\/posts"}],"about":[{"href":"https:\/\/deportes.umh.es\/ca\/wp-json\/wp\/v2\/types\/post"}],"author":[{"embeddable":true,"href":"https:\/\/deportes.umh.es\/ca\/wp-json\/wp\/v2\/users\/47"}],"replies":[{"embeddable":true,"href":"https:\/\/deportes.umh.es\/ca\/wp-json\/wp\/v2\/comments?post=2964"}],"version-history":[{"count":0,"href":"https:\/\/deportes.umh.es\/ca\/wp-json\/wp\/v2\/posts\/2964\/revisions"}],"wp:attachment":[{"href":"https:\/\/deportes.umh.es\/ca\/wp-json\/wp\/v2\/media?parent=2964"}],"wp:term":[{"taxonomy":"category","embeddable":true,"href":"https:\/\/deportes.umh.es\/ca\/wp-json\/wp\/v2\/categories?post=2964"},{"taxonomy":"post_tag","embeddable":true,"href":"https:\/\/deportes.umh.es\/ca\/wp-json\/wp\/v2\/tags?post=2964"}],"curies":[{"name":"wp","href":"https:\/\/api.w.org\/{rel}","templated":true}]}}