{"id":2853,"date":"2013-09-26T14:56:13","date_gmt":"2013-09-26T12:56:13","guid":{"rendered":"http:\/\/deportes.umh.es\/?p=2853"},"modified":"2013-09-26T14:56:13","modified_gmt":"2013-09-26T12:56:13","slug":"renovacion-o-alta-de-la-tarjeta-deportiva-universitaria","status":"publish","type":"post","link":"https:\/\/deportes.umh.es\/ca\/2013\/09\/26\/renovacion-o-alta-de-la-tarjeta-deportiva-universitaria\/","title":{"rendered":"Renovaci\u00f3 o de la Targeta Esportiva Universit\u00e0ria"},"content":{"rendered":"<p>A partir del dia 1 d&#8217;octubre, a la Unitat de Gesti\u00f3 Esportiva, a l&#8217;Edifici El Cloto del campus d&#8217;Elx, de 9 a les 14h i de dilluns a divendres, ja podreu renovar o donar-vos d&#8217;alta a la Targeta Esportiva Universit\u00e0ria per accedir a la Sala de Musculaci\u00f3 i Cardio del Palau.<\/p>\n<p>La informaci\u00f3 de com renovar o aconseguir la tens a <a href=\"https:\/\/deportes.umh.es\/instalaciones-y-tarifas\/tarjeta-deportiva\/\">https:\/\/deportes.umh.es\/instalaciones-y-tarifas\/tarjeta-deportiva\/<\/a><\/p>\n<p>Us recordem que es pot renovar On-line i que hi haur\u00e0 un per\u00edode de car\u00e8ncia per als m\u00e9s despistats de 15 dies, en els quals encara es podr\u00e0 entrar a la sala sense haver renovat.<\/p>","protected":false},"excerpt":{"rendered":"<p>A partir del dia 1 d&#8217;octubre, a la Unitat de Gesti\u00f3 Esportiva, a l&#8217;Edifici El Cloto del campus d&#8217;Elx, de 9 a les 14h i de dilluns a divendres, ja podreu renovar o donar-vos d&#8217;alta a la Targeta Esportiva Universit\u00e0ria per accedir a la Sala de Musculaci\u00f3 i Cardio del Palau.<br \/>\nLa informaci\u00f3 de com renovar [&#8230;]<\/p>\n","protected":false},"author":438,"featured_media":0,"comment_status":"closed","ping_status":"open","sticky":false,"template":"","format":"standard","meta":{"_links_to":"","_links_to_target":""},"categories":[779,781,785,790,792],"tags":[],"_links":{"self":[{"href":"https:\/\/deportes.umh.es\/ca\/wp-json\/wp\/v2\/posts\/2853"}],"collection":[{"href":"https:\/\/deportes.umh.es\/ca\/wp-json\/wp\/v2\/posts"}],"about":[{"href":"https:\/\/deportes.umh.es\/ca\/wp-json\/wp\/v2\/types\/post"}],"author":[{"embeddable":true,"href":"https:\/\/deportes.umh.es\/ca\/wp-json\/wp\/v2\/users\/438"}],"replies":[{"embeddable":true,"href":"https:\/\/deportes.umh.es\/ca\/wp-json\/wp\/v2\/comments?post=2853"}],"version-history":[{"count":0,"href":"https:\/\/deportes.umh.es\/ca\/wp-json\/wp\/v2\/posts\/2853\/revisions"}],"wp:attachment":[{"href":"https:\/\/deportes.umh.es\/ca\/wp-json\/wp\/v2\/media?parent=2853"}],"wp:term":[{"taxonomy":"category","embeddable":true,"href":"https:\/\/deportes.umh.es\/ca\/wp-json\/wp\/v2\/categories?post=2853"},{"taxonomy":"post_tag","embeddable":true,"href":"https:\/\/deportes.umh.es\/ca\/wp-json\/wp\/v2\/tags?post=2853"}],"curies":[{"name":"wp","href":"https:\/\/api.w.org\/{rel}","templated":true}]}}