{"id":2726,"date":"2013-06-10T09:27:38","date_gmt":"2013-06-10T07:27:38","guid":{"rendered":"http:\/\/deportes.umh.es\/2013\/06\/10\/inauguracion-del-complejo-deportivo-el-clot-en-el-campus-de-elche\/"},"modified":"2013-06-10T09:27:38","modified_gmt":"2013-06-10T07:27:38","slug":"inauguracion-del-complejo-deportivo-el-clot-en-el-campus-de-elche","status":"publish","type":"post","link":"https:\/\/deportes.umh.es\/ca\/2013\/06\/10\/inauguracion-del-complejo-deportivo-el-clot-en-el-campus-de-elche\/","title":{"rendered":"Inauguraci\u00f3 del Complex Esportiu El Clot al Campus d&#8217;Elx"},"content":{"rendered":"<p>El dissabte 8 de juny es va inaugurar el Complex Esportiu El Clot.<\/p>\n<p>Consta de 4 pistes de tennis, 3 de p\u00e0del, 1 camp de futbol, 1 m\u00f2dul d&#8217;atletisme i l&#8217;edifici de gesti\u00f3 i vestidors.<br \/>\nL&#8217;edifici, repartit en 2 plantes, est\u00e0 compost per 6 vestidors, sala de fisioter\u00e0pia, sala m\u00e8dica, consergeria, 1 vestuari t\u00e8cnic, sala multiusos, terrassa, 3 aules formatives i la unitat de gesti\u00f3 esportiva. S&#8217;ha constru\u00eft pensant en l&#8217;aprofitament d&#8217;espais, amb passadissos amplis per a la ubicaci\u00f3 de taquilles i lluminositat a totes les estances.<\/p>\n<p><a href=\"https:\/\/deportes.umh.es\/files\/2013\/06\/IMG_2179.jpg\"><img loading=\"lazy\" title=\"El rector, Jes\u00fas Pastor Ciurana, en el momento de la inauguraci\u00f3n del complejo.\" src=\"https:\/\/deportes.umh.es\/files\/2013\/06\/IMG_2179-300x224.jpg\" alt=\"\" width=\"243\" height=\"181\" \/><\/a><a href=\"https:\/\/deportes.umh.es\/files\/2013\/06\/IMG_2188.jpg\"><img loading=\"lazy\" title=\"IMG_2188\" src=\"https:\/\/deportes.umh.es\/files\/2013\/06\/IMG_2188-300x224.jpg\" alt=\"\" width=\"226\" height=\"179\" \/><\/a><\/p>\n<p>Les instal \u00b7 lacions esportives han estat concebudes tamb\u00e9 per la seva col \u00b7 locaci\u00f3 estrat\u00e8gica en el terreny inicial planejat, aconseguint un espai harm\u00f2nic, amb accessos f\u00e0cils i amplis, tenint en compte el col \u00b7 lectiu de discapacitats f\u00edsics.<\/p>\n<p>Les pistes de tennis s\u00f3n sint\u00e8tiques, constru\u00efdes amb els \u00faltims materials, igual que les pistes de p\u00e0del, i estan preparades per al seu \u00fas en competicions de qualsevol tipus.<\/p>\n<p>El camp de futbol est\u00e0 confeccionat amb una de les millors classes de gespa artificial, acollint dos camps de futbol 7 aptes per a l&#8217;\u00fas tant d&#8217;esportistes de competici\u00f3 com per les escoles de formaci\u00f3 esportiva.<\/p>\n<p>El m\u00f2dul d&#8217;atletisme permetr\u00e0 la pr\u00e0ctica i l&#8217;entrenament en les diferents modalitats atl\u00e8tiques. Est\u00e0 compost, en un espai de 100x40m, per una recta per velocitat i tanques, i zones de llan\u00e7ament de pes, salt de longitud, salt d&#8217;al\u00e7ada i perxa.<\/p>\n<p>En total s&#8217;ha completat un conjunt esportiu extraordinari en el panorama universitari nacional, i fins i tot europeu. Aquesta nova instal \u00b7 laci\u00f3 \u00e9s una altra acci\u00f3 de la UMH cap a la innovaci\u00f3 i desenvolupament de l&#8217;esport, sens dubte impulsat per la consolidaci\u00f3 del grau de Ci\u00e8ncies de l&#8217;Activitat F\u00edsica i de l&#8217;Esport, aix\u00ed com pels seus bons resultats en les competicions universit\u00e0ries. Tot sense perdre de vista el servei p\u00fablic al qual est\u00e0 dedicada aquesta Universitat.<\/p>","protected":false},"excerpt":{"rendered":"<p>El dissabte 8 de juny es va inaugurar el Complex Esportiu El Clot.<br \/>\nConsta de 4 pistes de tennis, 3 de p\u00e0del, 1 camp de futbol, 1 m\u00f2dul d&#8217;atletisme i l&#8217;edifici de gesti\u00f3 i vestidors.<br \/>\nL&#8217;edifici, repartit en 2 plantes, est\u00e0 compost per 6 vestidors, sala de fisioter\u00e0pia, sala m\u00e8dica, consergeria, 1 vestuari t\u00e8cnic, sala multiusos, terrassa, [&#8230;]<\/p>\n","protected":false},"author":47,"featured_media":0,"comment_status":"closed","ping_status":"open","sticky":false,"template":"","format":"standard","meta":{"_links_to":"","_links_to_target":""},"categories":[4562,69,778,507,779],"tags":[],"_links":{"self":[{"href":"https:\/\/deportes.umh.es\/ca\/wp-json\/wp\/v2\/posts\/2726"}],"collection":[{"href":"https:\/\/deportes.umh.es\/ca\/wp-json\/wp\/v2\/posts"}],"about":[{"href":"https:\/\/deportes.umh.es\/ca\/wp-json\/wp\/v2\/types\/post"}],"author":[{"embeddable":true,"href":"https:\/\/deportes.umh.es\/ca\/wp-json\/wp\/v2\/users\/47"}],"replies":[{"embeddable":true,"href":"https:\/\/deportes.umh.es\/ca\/wp-json\/wp\/v2\/comments?post=2726"}],"version-history":[{"count":0,"href":"https:\/\/deportes.umh.es\/ca\/wp-json\/wp\/v2\/posts\/2726\/revisions"}],"wp:attachment":[{"href":"https:\/\/deportes.umh.es\/ca\/wp-json\/wp\/v2\/media?parent=2726"}],"wp:term":[{"taxonomy":"category","embeddable":true,"href":"https:\/\/deportes.umh.es\/ca\/wp-json\/wp\/v2\/categories?post=2726"},{"taxonomy":"post_tag","embeddable":true,"href":"https:\/\/deportes.umh.es\/ca\/wp-json\/wp\/v2\/tags?post=2726"}],"curies":[{"name":"wp","href":"https:\/\/api.w.org\/{rel}","templated":true}]}}