{"id":256,"date":"2009-11-18T13:32:47","date_gmt":"2009-11-18T12:32:47","guid":{"rendered":"http:\/\/deportes.zeus.umh.es\/?p=256"},"modified":"2009-11-18T13:32:47","modified_gmt":"2009-11-18T12:32:47","slug":"los-antiguos-cigl-son-ahora-tambien-campeonatos-autonomicos-cadu","status":"publish","type":"post","link":"https:\/\/deportes.umh.es\/ca\/2009\/11\/18\/los-antiguos-cigl-son-ahora-tambien-campeonatos-autonomicos-cadu\/","title":{"rendered":"Los antiguos CIGL son ahora tambi\u00e9n Campeonatos Auton\u00f3micos CADU"},"content":{"rendered":"<p>La Secretar\u00eda de Competici\u00f3n de CADU, la Universidad Cat\u00f3lica de Valencia, tambi\u00e9n gestionar\u00e1 el desarrollo de los deportes individuales que antes de este curso se enmarcaban dentro de la Competici\u00f3n Zonal, por lo que esta temporada se estrena sistema de competici\u00f3n respecto al utilizado en a\u00f1os anteriores, en los que participaban tambi\u00e9n universidades de Murcia y Castilla La Mancha.<\/p>\n<p>A partir de esta temporada los deportes enmarcados dentro de esta competici\u00f3n tendr\u00e1n la consideraci\u00f3n de auton\u00f3micos, a pesar de que no ser\u00e1n, al contrario que los de equipo, clasificatorios para el Campeonato de Espa\u00f1a CEU.<\/p>\n<p><a href=\"https:\/\/www.ucv.es\/servicios_1_6_4_1.asp\">En este enlace podr\u00e1s obtener toda la informaci\u00f3n relativa a los deportes auton\u00f3micos no clasificatorios para los CEU.<\/a><\/p>\n<p>Estas modalidades son los deportes de raqueta, de lucha, de agua, de naturaleza, ajedrez, atletismo y otros.<\/p>\n<p><a href=\"https:\/\/www.ucv.es\/cadu\/\">Si quieres ver toda la informaci\u00f3n sobre el CADU de deportes de equipo, clasificatorios para el Campeonato de Espa\u00f1a CEU, pincha aqu\u00ed.<\/a><\/p>\n","protected":false},"excerpt":{"rendered":"<p>La Secretar\u00eda de Competici\u00f3n de CADU, la Universidad Cat\u00f3lica de Valencia, tambi\u00e9n gestionar\u00e1 el desarrollo de los deportes individuales que antes de este curso se enmarcaban dentro de la Competici\u00f3n Zonal, por lo que esta temporada se estrena sistema de competici\u00f3n respecto al utilizado en a\u00f1os anteriores, en los que participaban tambi\u00e9n universidades de Murcia [&#8230;]<\/p>\n","protected":false},"author":47,"featured_media":0,"comment_status":"closed","ping_status":"closed","sticky":false,"template":"","format":"standard","meta":{"_links_to":"","_links_to_target":""},"categories":[797,780],"tags":[],"_links":{"self":[{"href":"https:\/\/deportes.umh.es\/ca\/wp-json\/wp\/v2\/posts\/256"}],"collection":[{"href":"https:\/\/deportes.umh.es\/ca\/wp-json\/wp\/v2\/posts"}],"about":[{"href":"https:\/\/deportes.umh.es\/ca\/wp-json\/wp\/v2\/types\/post"}],"author":[{"embeddable":true,"href":"https:\/\/deportes.umh.es\/ca\/wp-json\/wp\/v2\/users\/47"}],"replies":[{"embeddable":true,"href":"https:\/\/deportes.umh.es\/ca\/wp-json\/wp\/v2\/comments?post=256"}],"version-history":[{"count":0,"href":"https:\/\/deportes.umh.es\/ca\/wp-json\/wp\/v2\/posts\/256\/revisions"}],"wp:attachment":[{"href":"https:\/\/deportes.umh.es\/ca\/wp-json\/wp\/v2\/media?parent=256"}],"wp:term":[{"taxonomy":"category","embeddable":true,"href":"https:\/\/deportes.umh.es\/ca\/wp-json\/wp\/v2\/categories?post=256"},{"taxonomy":"post_tag","embeddable":true,"href":"https:\/\/deportes.umh.es\/ca\/wp-json\/wp\/v2\/tags?post=256"}],"curies":[{"name":"wp","href":"https:\/\/api.w.org\/{rel}","templated":true}]}}