{"id":221,"date":"2009-11-10T10:27:02","date_gmt":"2009-11-10T09:27:02","guid":{"rendered":"http:\/\/deportes.zeus.umh.es\/?p=221"},"modified":"2009-11-10T10:27:02","modified_gmt":"2009-11-10T09:27:02","slug":"escuela-de-padel-orihuela","status":"publish","type":"post","link":"https:\/\/deportes.umh.es\/ca\/2009\/11\/10\/escuela-de-padel-orihuela\/","title":{"rendered":"ESCUELA DE PADEL ORIHUELA"},"content":{"rendered":"<p class=\"MsoNormal\"><strong><span><!--more--><\/span><\/strong><\/p>\n<p class=\"MsoNormal\"><strong><span>Periodo: NOVIEMBRE 2009<\/span><\/strong><\/p>\n<p class=\"MsoNormal\"><strong><span style=\"text-decoration: underline\"><span>INSCRIPCIONES:<\/span><\/span><\/strong><span> Hasta el<span> <\/span>30 de Octubre<\/span><\/p>\n<p class=\"MsoNormal\"><span>Enviando un correo a <a href=\"mailto:deportes@umh.es\">deportes@umh.es<\/a>, indicando en el asunto:<span> <\/span>ESCUELA DE PADEL ORIHUELA,<span> <\/span>y con nombre, apellidos, dni, tel\u00e9fono de contacto, correo electr\u00f3nico, nivel y horarios en los que podr\u00eda asistir.<\/span><\/p>\n<p class=\"MsoNormal\"><span><strong><span style=\"text-decoration: underline\">Niveles:<\/span><\/strong><\/span><\/p>\n<p class=\"MsoNormal\"><strong><span>Iniciaci\u00f3n 1: <\/span><\/strong><span>Para todos aquellos que empiezan de cero<\/span><\/p>\n<p class=\"MsoNormal\"><strong><span>Iniciaci\u00f3n 2: <\/span><\/strong><span>Para aquellos que, aun teniendo conocimientos, no dominan aun todos los golpes.<\/span><\/p>\n<p class=\"MsoNormal\"><strong><span>Avanzado 1:<\/span><\/strong><span> Para aquellos que dominan todos los golpes, y tienen costumbre de jugar a menudo.<\/span><\/p>\n<p class=\"MsoNormal\"><strong><span>Avanzado 2: <\/span><\/strong><span>Para aquellos que tienen costumbre de jugar semanalmente y compiten.<\/span><\/p>\n<p class=\"MsoNormal\">\n<p class=\"MsoNormal\"><strong><span style=\"text-decoration: underline\"><span>Tarifas:<\/span><\/span><\/strong><\/p>\n<p class=\"MsoNormal\">\n<p class=\"MsoNormal\"><span>\u00b7 64 \u20ac Ordinaria <\/span><\/p>\n<p class=\"MsoNormal\"><span>\u00b7 40 \u20ac UMH <\/span><\/p>\n<p class=\"MsoNormal\"><span>Las clases ser\u00e1n de una hora, dos d\u00edas a la semana.<\/span><\/p>\n<p class=\"MsoNormal\"><strong><span style=\"text-decoration: underline\"><span>HORARIOS: <\/span><\/span><\/strong><\/p>\n<p class=\"MsoNormal\">\n<col width=\"67\"><\/col>\n<col width=\"180\"><\/col>\n<tr>\n<td class=\"xl77\" width=\"67\" height=\"32\"><\/td>\n<td class=\"xl73\" width=\"180\">MARTES Y JUEVES<\/td>\n<\/tr>\n<tr>\n<td class=\"xl67\" height=\"21\">15.15 INI 2<\/td>\n<td class=\"xl80\">;<\/td>\n<\/tr>\n<tr>\n<td class=\"xl80\">Esther Sendra Nadal ;\u00a0<span>Alvaro Gosp Pastor;\u00a0Juana Fern\u00e1ndez-L\u00f3pez , \u00a0Jose Angel Perez<\/span><\/td>\n<\/tr>\n<tr>\n<td class=\"xl69\" height=\"21\"><\/td>\n<\/tr>\n<p style=\"text-align: left\">\n<tr>\n<td class=\"xl69\" height=\"21\"><\/td>\n<td class=\"xl81\"><\/td>\n<\/tr>\n<tr>\n<td class=\"xl64\" height=\"17\">16.15<\/td>\n<td class=\"xl74\">INI 2;<\/td>\n<\/tr>\n<tr>\n<td class=\"xl66\" height=\"17\"><\/td>\n<td class=\"xl74\"><\/td>\n<\/tr>\n<tr>\n<td class=\"xl68\" height=\"18\"><\/td>\n<td class=\"xl85\">Ana M\u00aa Ortega Gea;\u00a0Raquel Muelas Domingo,\u00a0Estrella Sayas Barbera, Lorena Trigueros<\/td>\n<\/tr>\n<tr>\n<td class=\"xl86\" height=\"22\">17.15 AVAN1<\/p>\n<p>Juan Jose Ruiz, Santiago Garcia, Guillermo Parra, Domingo Martinez<\/td>\n<td class=\"xl83\"><\/td>\n<\/tr>\n<tr>\n<td class=\"xl79\" height=\"20\"><\/td>\n<td class=\"xl81\"><\/td>\n<\/tr>\n<tr>\n<td class=\"xl66\" height=\"22\"><\/td>\n<td class=\"xl75\"><span style=\"font-family: 'Lucida Grande', 'Lucida Sans Unicode', Tahoma, Verdana, sans-serif;font-size: 13px\"><strong><span style=\"text-decoration: underline\"><span><span style=\"font-weight: normal\"><strong><span style=\"text-decoration: underline\"><span>NOTAS:<\/span><\/span><\/strong><span><span style=\"text-decoration: underline\"><span>:<\/span><\/span><\/span><\/span><\/span><\/span><\/strong><\/span><\/td>\n<\/tr>\n<p class=\"MsoNormal\"><span><span>Se debe completar el turno.<\/span><\/span><\/p>\n<p class=\"MsoNormal\"><span><span>Las clases no se recuperar\u00e1n por causas ajenas al secretariado.<\/span><\/span><\/p>\n","protected":false},"excerpt":{"rendered":"<p>Periodo: NOVIEMBRE 2009<br \/>\nINSCRIPCIONES: Hasta el 30 de Octubre<br \/>\nEnviando un correo a deportes@umh.es, indicando en el asunto: ESCUELA DE PADEL ORIHUELA, y con nombre, apellidos, dni, tel\u00e9fono de contacto, correo electr\u00f3nico, nivel y horarios en los que podr\u00eda asistir.<br \/>\nNiveles:<br \/>\nIniciaci\u00f3n 1: Para todos aquellos que empiezan de cero<br \/>\nIniciaci\u00f3n 2: Para aquellos que, aun teniendo conocimientos, no dominan [&#8230;]<\/p>\n","protected":false},"author":47,"featured_media":0,"comment_status":"closed","ping_status":"open","sticky":false,"template":"","format":"standard","meta":{"_links_to":"","_links_to_target":""},"categories":[774,164,507],"tags":[],"_links":{"self":[{"href":"https:\/\/deportes.umh.es\/ca\/wp-json\/wp\/v2\/posts\/221"}],"collection":[{"href":"https:\/\/deportes.umh.es\/ca\/wp-json\/wp\/v2\/posts"}],"about":[{"href":"https:\/\/deportes.umh.es\/ca\/wp-json\/wp\/v2\/types\/post"}],"author":[{"embeddable":true,"href":"https:\/\/deportes.umh.es\/ca\/wp-json\/wp\/v2\/users\/47"}],"replies":[{"embeddable":true,"href":"https:\/\/deportes.umh.es\/ca\/wp-json\/wp\/v2\/comments?post=221"}],"version-history":[{"count":0,"href":"https:\/\/deportes.umh.es\/ca\/wp-json\/wp\/v2\/posts\/221\/revisions"}],"wp:attachment":[{"href":"https:\/\/deportes.umh.es\/ca\/wp-json\/wp\/v2\/media?parent=221"}],"wp:term":[{"taxonomy":"category","embeddable":true,"href":"https:\/\/deportes.umh.es\/ca\/wp-json\/wp\/v2\/categories?post=221"},{"taxonomy":"post_tag","embeddable":true,"href":"https:\/\/deportes.umh.es\/ca\/wp-json\/wp\/v2\/tags?post=221"}],"curies":[{"name":"wp","href":"https:\/\/api.w.org\/{rel}","templated":true}]}}