{"id":2173,"date":"2012-07-02T11:12:30","date_gmt":"2012-07-02T09:12:30","guid":{"rendered":"http:\/\/deportes.umh.es\/2012\/07\/02\/cursos-de-socorrista-en-el-club-de-tenis-de-elche\/"},"modified":"2012-07-02T11:12:30","modified_gmt":"2012-07-02T09:12:30","slug":"cursos-de-socorrista-en-el-club-de-tenis-de-elche","status":"publish","type":"post","link":"https:\/\/deportes.umh.es\/ca\/2012\/07\/02\/cursos-de-socorrista-en-el-club-de-tenis-de-elche\/","title":{"rendered":"Cursos de socorrista al Club de Tennis d&#8217;Elx"},"content":{"rendered":"<p>El Club Tennis Elx en col \u00b7 laboraci\u00f3 amb l&#8217;empresa Expandeix Formaci\u00f3 organitza un curs oficial de socorrista aqu\u00e0tic de 340 hores. El curs ser\u00e0 intensiu i es realitzar\u00e0 en 4 caps de setmana, realitzant les classes els divendres a la tarda, i els dissabtes i diumenge mat\u00ed i tarda. El curs comen\u00e7ar\u00e0 el 6 de juliol. El preu del curs \u00e9s de 420 \u20ac, hi haur\u00e0 un preu especial per als estudiants del CAFE de 360 \u200b\u200b\u20ac (m\u00ednim de 5 inscrits). Els interessats contactar urgentment al mail <a href=\"mailto:natacion@clubdeteniselche.com\">natacion@clubdeteniselche.com<\/a> El termini d&#8217;inscripci\u00f3 es tancar\u00e0 en els pr\u00f2xims dies i les places s&#8217;assignaran per ordre d&#8217;inscripci\u00f3.<\/p>","protected":false},"excerpt":{"rendered":"<p>El Club Tennis Elx en col \u00b7 laboraci\u00f3 amb l&#8217;empresa Expandeix Formaci\u00f3 organitza un curs oficial de socorrista aqu\u00e0tic de 340 hores. El curs ser\u00e0 intensiu i es realitzar\u00e0 en 4 caps de setmana, realitzant les classes els divendres a la tarda, i els dissabtes i diumenge mat\u00ed i tarda. El curs comen\u00e7ar\u00e0 el 6 [&#8230;]<\/p>\n","protected":false},"author":47,"featured_media":0,"comment_status":"closed","ping_status":"open","sticky":false,"template":"","format":"standard","meta":{"_links_to":"","_links_to_target":""},"categories":[773,774,69,164,507,973,786,837],"tags":[],"_links":{"self":[{"href":"https:\/\/deportes.umh.es\/ca\/wp-json\/wp\/v2\/posts\/2173"}],"collection":[{"href":"https:\/\/deportes.umh.es\/ca\/wp-json\/wp\/v2\/posts"}],"about":[{"href":"https:\/\/deportes.umh.es\/ca\/wp-json\/wp\/v2\/types\/post"}],"author":[{"embeddable":true,"href":"https:\/\/deportes.umh.es\/ca\/wp-json\/wp\/v2\/users\/47"}],"replies":[{"embeddable":true,"href":"https:\/\/deportes.umh.es\/ca\/wp-json\/wp\/v2\/comments?post=2173"}],"version-history":[{"count":0,"href":"https:\/\/deportes.umh.es\/ca\/wp-json\/wp\/v2\/posts\/2173\/revisions"}],"wp:attachment":[{"href":"https:\/\/deportes.umh.es\/ca\/wp-json\/wp\/v2\/media?parent=2173"}],"wp:term":[{"taxonomy":"category","embeddable":true,"href":"https:\/\/deportes.umh.es\/ca\/wp-json\/wp\/v2\/categories?post=2173"},{"taxonomy":"post_tag","embeddable":true,"href":"https:\/\/deportes.umh.es\/ca\/wp-json\/wp\/v2\/tags?post=2173"}],"curies":[{"name":"wp","href":"https:\/\/api.w.org\/{rel}","templated":true}]}}