{"id":17953,"date":"2026-04-21T12:52:38","date_gmt":"2026-04-21T10:52:38","guid":{"rendered":"https:\/\/deportes.umh.es\/?p=17953"},"modified":"2026-04-21T12:53:26","modified_gmt":"2026-04-21T10:53:26","slug":"la-umh-lanza-el-programa-promesas-deportivas-2026-para-atraer-talento-joven","status":"publish","type":"post","link":"https:\/\/deportes.umh.es\/ca\/2026\/04\/21\/la-umh-lanza-el-programa-promesas-deportivas-2026-para-atraer-talento-joven\/","title":{"rendered":"La UMH llan\u00e7a el programa \u201cPromeses Esportives 2026\u201d per a atraure talent jove"},"content":{"rendered":"<p><\/p>\n<p style=\"text-align: justify\">La Universitat Miguel Hern\u00e1ndez d\u2019Elx ha convocat una nova edici\u00f3 del programa UMH Promeses Esportives, adre\u00e7at a estudiants de Batxillerat i Formaci\u00f3 Professional amb un curr\u00edculum esportiu destacat, amb l\u2019objectiu de facilitar el seu acc\u00e9s a la universitat i potenciar el seu desenvolupament acad\u00e8mic i esportiu.<\/p>\n<p style=\"text-align: justify\" data-start=\"1857\" data-end=\"2072\">El programa, que ofereix un m\u00e0xim de 10 places, busca donar suport a joves esportistes de la prov\u00edncia d\u2019Alacant que acrediten un alt nivell competitiu o resultats destacats en campionats nacionals o internacionals.<\/p>\n<p style=\"text-align: justify\" data-start=\"2074\" data-end=\"2417\">Entre els seus principals beneficis destaca el finan\u00e7ament de la matr\u00edcula del primer curs universitari, aix\u00ed com l\u2019acc\u00e9s a serveis especialitzats de seguiment esportiu al Centre d\u2019Investigaci\u00f3 de l\u2019Esport de la UMH. A m\u00e9s, les persones participants comptaran amb tutoria acad\u00e8mica, formaci\u00f3 espec\u00edfica i acc\u00e9s a instal\u00b7lacions universit\u00e0ries.<\/p>\n<p style=\"text-align: justify\" data-start=\"2419\" data-end=\"2588\">La convocat\u00f2ria tamb\u00e9 promou la igualtat i la inclusi\u00f3, garantint una distribuci\u00f3 equilibrada per g\u00e8nere i reservant almenys una pla\u00e7a per a estudiants amb discapacitat.<\/p>\n<p style=\"text-align: justify\" data-start=\"2590\" data-end=\"2789\">El termini de sol\u00b7licitud ser\u00e0 de 10 dies h\u00e0bils des de la seua publicaci\u00f3 en el Butllet\u00ed Oficial de la UMH, i les candidatures s\u2019hauran de presentar a trav\u00e9s de la seu electr\u00f2nica de la universitat.<\/p>\n<p style=\"text-align: justify\" data-start=\"2791\" data-end=\"2896\">Consulta les bases completes en el seg\u00fcent enlla\u00e7: https:\/\/boumh.umh.es\/files\/2026\/04\/RR_00870_2026.pdf<\/p>\n<p style=\"text-align: center\" data-start=\"2791\" data-end=\"2896\"><a href=\"https:\/\/deportes.umh.es\/files\/2026\/04\/premios.png\"><img loading=\"lazy\" class=\"alignnone wp-image-17956\" src=\"https:\/\/deportes.umh.es\/files\/2026\/04\/premios-240x300.png\" alt=\"\" width=\"326\" height=\"408\" srcset=\"https:\/\/deportes.umh.es\/files\/2026\/04\/premios-240x300.png 240w, https:\/\/deportes.umh.es\/files\/2026\/04\/premios-819x1024.png 819w, https:\/\/deportes.umh.es\/files\/2026\/04\/premios-768x960.png 768w, https:\/\/deportes.umh.es\/files\/2026\/04\/premios.png 1080w\" sizes=\"(max-width: 326px) 100vw, 326px\" \/><\/a><\/p>\n<p><\/p>","protected":false},"excerpt":{"rendered":"<p>La Universitat Miguel Hern\u00e1ndez d\u2019Elx ha convocat una nova edici\u00f3 del programa UMH Promeses Esportives, adre\u00e7at a estudiants de Batxillerat i Formaci\u00f3 Professional amb un curr\u00edculum esportiu destacat, amb l\u2019objectiu de facilitar el seu acc\u00e9s a la universitat i potenciar el seu desenvolupament acad\u00e8mic i esportiu.<br \/>\nEl programa, que ofereix un m\u00e0xim de 10 places, busca [&#8230;]<\/p>\n","protected":false},"author":32274,"featured_media":0,"comment_status":"closed","ping_status":"open","sticky":false,"template":"","format":"standard","meta":{"_links_to":"","_links_to_target":""},"categories":[6872,567,65],"tags":[],"_links":{"self":[{"href":"https:\/\/deportes.umh.es\/ca\/wp-json\/wp\/v2\/posts\/17953"}],"collection":[{"href":"https:\/\/deportes.umh.es\/ca\/wp-json\/wp\/v2\/posts"}],"about":[{"href":"https:\/\/deportes.umh.es\/ca\/wp-json\/wp\/v2\/types\/post"}],"author":[{"embeddable":true,"href":"https:\/\/deportes.umh.es\/ca\/wp-json\/wp\/v2\/users\/32274"}],"replies":[{"embeddable":true,"href":"https:\/\/deportes.umh.es\/ca\/wp-json\/wp\/v2\/comments?post=17953"}],"version-history":[{"count":0,"href":"https:\/\/deportes.umh.es\/ca\/wp-json\/wp\/v2\/posts\/17953\/revisions"}],"wp:attachment":[{"href":"https:\/\/deportes.umh.es\/ca\/wp-json\/wp\/v2\/media?parent=17953"}],"wp:term":[{"taxonomy":"category","embeddable":true,"href":"https:\/\/deportes.umh.es\/ca\/wp-json\/wp\/v2\/categories?post=17953"},{"taxonomy":"post_tag","embeddable":true,"href":"https:\/\/deportes.umh.es\/ca\/wp-json\/wp\/v2\/tags?post=17953"}],"curies":[{"name":"wp","href":"https:\/\/api.w.org\/{rel}","templated":true}]}}