{"id":17939,"date":"2026-04-21T11:27:58","date_gmt":"2026-04-21T09:27:58","guid":{"rendered":"https:\/\/deportes.umh.es\/?p=17939"},"modified":"2026-04-21T11:35:23","modified_gmt":"2026-04-21T09:35:23","slug":"la-umh-suma-un-oro-en-badminton-y-un-bronce-en-escalada-en-una-nueva-semana-de-los-ceu-2026","status":"publish","type":"post","link":"https:\/\/deportes.umh.es\/ca\/2026\/04\/21\/la-umh-suma-un-oro-en-badminton-y-un-bronce-en-escalada-en-una-nueva-semana-de-los-ceu-2026\/","title":{"rendered":"La UMH suma un Or en b\u00e0dminton i un Bronze en escalada en una nova setmana dels CEU 2026"},"content":{"rendered":"<p><\/p>\n<p style=\"text-align: justify\" data-start=\"161\" data-end=\"438\">Durant aquesta setmana de competici\u00f3 en els Campionats d\u2019Espanya Universitaris (CEU) 2026, la Universitat Miguel Hern\u00e1ndez d\u2019Elx (UMH) ha participat en les modalitats de b\u00e0dminton, escalada i karate, signant una actuaci\u00f3 destacada especialment en les dues primeres disciplines.<\/p>\n<p style=\"text-align: justify\" data-start=\"440\" data-end=\"811\">El b\u00e0dminton, disputat a Granada del dilluns 13 al dijous 16 d\u2019abril, va deixar els millors resultats per a la UMH. Miguel Esteve va protagonitzar una gran actuaci\u00f3 en aconseguir la medalla de bronze en la modalitat individual masculina. A m\u00e9s, formant parella amb Ana Caballero, va obtindre tamb\u00e9 la plata en dobles mixtos, consolidant el seu protagonisme en el torneig.<\/p>\n<p style=\"text-align: justify\" data-start=\"813\" data-end=\"1037\">El major \u00e8xit va arribar en la competici\u00f3 per equips, on la UMH es va proclamar campiona d\u2019Espanya, obtenint la medalla d\u2019or despr\u00e9s d\u2019una destacada actuaci\u00f3 col\u00b7lectiva. Equip\u00e0s: Biel Mascar\u00f3, Ana Caballero i Miguel Esteve.<\/p>\n<p data-start=\"813\" data-end=\"1037\"><a href=\"https:\/\/deportes.umh.es\/files\/2026\/04\/badminton.jpg\"><img loading=\"lazy\" class=\" wp-image-17942 aligncenter\" src=\"https:\/\/deportes.umh.es\/files\/2026\/04\/badminton-300x169.jpg\" alt=\"\" width=\"454\" height=\"256\" srcset=\"https:\/\/deportes.umh.es\/files\/2026\/04\/badminton-300x169.jpg 300w, https:\/\/deportes.umh.es\/files\/2026\/04\/badminton.jpg 602w\" sizes=\"(max-width: 454px) 100vw, 454px\" \/><\/a><\/p>\n<p style=\"text-align: justify\" data-start=\"1039\" data-end=\"1365\">Per la seua banda, l\u2019escalada, celebrada a M\u00e0laga entre el dimarts 14 i el dijous 16 d\u2019abril, tamb\u00e9 va aportar alegries a la delegaci\u00f3 universit\u00e0ria. Manuel Antonio Pastor S\u00e1nchez va aconseguir pujar al podi amb una merit\u00f2ria medalla de bronze, signant aix\u00ed un dels resultats m\u00e9s destacats de la setmana en aquesta disciplina.<\/p>\n<p style=\"text-align: center\" data-start=\"1039\" data-end=\"1365\"><a href=\"https:\/\/deportes.umh.es\/files\/2026\/04\/escalada.jpg\"><img loading=\"lazy\" class=\"alignnone wp-image-17945\" src=\"https:\/\/deportes.umh.es\/files\/2026\/04\/escalada-300x223.jpg\" alt=\"\" width=\"438\" height=\"326\" srcset=\"https:\/\/deportes.umh.es\/files\/2026\/04\/escalada-300x223.jpg 300w, https:\/\/deportes.umh.es\/files\/2026\/04\/escalada.jpg 602w\" sizes=\"(max-width: 438px) 100vw, 438px\" \/><\/a><\/p>\n<p style=\"text-align: justify\" data-start=\"1367\" data-end=\"1816\">En karate, que va tindre lloc el dissabte 18 d\u2019abril a Granada, la UMH no va poder assolir posicions de podi, encara que va deixar diverses actuacions destacables. Irene Lillo Jim\u00e9nez va finalitzar en cinquena posici\u00f3 en kumite s\u00e8nior femen\u00ed (&gt;68 kg), mentre que Jos\u00e9 Joaqu\u00edn Sempere tamb\u00e9 va aconseguir un cinqu\u00e9 lloc en kumite s\u00e8nior mascul\u00ed (&lt;84 kg). Per la seua part, Sof\u00eda Chazarra Cort\u00e9s va acabar novena en la modalitat de kata s\u00e8nior femen\u00ed.<\/p>\n<p style=\"text-align: center\" data-start=\"1367\" data-end=\"1816\"><a href=\"https:\/\/deportes.umh.es\/files\/2026\/04\/karate.jpg\"><img loading=\"lazy\" class=\"alignnone wp-image-17948\" src=\"https:\/\/deportes.umh.es\/files\/2026\/04\/karate-300x271.jpg\" alt=\"\" width=\"435\" height=\"393\" srcset=\"https:\/\/deportes.umh.es\/files\/2026\/04\/karate-300x271.jpg 300w, https:\/\/deportes.umh.es\/files\/2026\/04\/karate.jpg 602w\" sizes=\"(max-width: 435px) 100vw, 435px\" \/><\/a><\/p>\n<p style=\"text-align: justify\" data-start=\"1818\" data-end=\"2039\">D\u2019aquesta manera, la UMH tanca una nova setmana de participaci\u00f3 en els CEU 2026 amb resultats positius, especialment gr\u00e0cies al rendiment en b\u00e0dminton i escalada, a l\u2019espera de pr\u00f2ximes competicions en altres disciplines.<\/p>\n<p><\/p>","protected":false},"excerpt":{"rendered":"<p>Durant aquesta setmana de competici\u00f3 en els Campionats d\u2019Espanya Universitaris (CEU) 2026, la Universitat Miguel Hern\u00e1ndez d\u2019Elx (UMH) ha participat en les modalitats de b\u00e0dminton, escalada i karate, signant una actuaci\u00f3 destacada especialment en les dues primeres disciplines.<br \/>\nEl b\u00e0dminton, disputat a Granada del dilluns 13 al dijous 16 d\u2019abril, va deixar els millors resultats per [&#8230;]<\/p>\n","protected":false},"author":32274,"featured_media":0,"comment_status":"closed","ping_status":"open","sticky":false,"template":"","format":"standard","meta":{"_links_to":"","_links_to_target":""},"categories":[6872,861,802,812,825,783],"tags":[],"_links":{"self":[{"href":"https:\/\/deportes.umh.es\/ca\/wp-json\/wp\/v2\/posts\/17939"}],"collection":[{"href":"https:\/\/deportes.umh.es\/ca\/wp-json\/wp\/v2\/posts"}],"about":[{"href":"https:\/\/deportes.umh.es\/ca\/wp-json\/wp\/v2\/types\/post"}],"author":[{"embeddable":true,"href":"https:\/\/deportes.umh.es\/ca\/wp-json\/wp\/v2\/users\/32274"}],"replies":[{"embeddable":true,"href":"https:\/\/deportes.umh.es\/ca\/wp-json\/wp\/v2\/comments?post=17939"}],"version-history":[{"count":0,"href":"https:\/\/deportes.umh.es\/ca\/wp-json\/wp\/v2\/posts\/17939\/revisions"}],"wp:attachment":[{"href":"https:\/\/deportes.umh.es\/ca\/wp-json\/wp\/v2\/media?parent=17939"}],"wp:term":[{"taxonomy":"category","embeddable":true,"href":"https:\/\/deportes.umh.es\/ca\/wp-json\/wp\/v2\/categories?post=17939"},{"taxonomy":"post_tag","embeddable":true,"href":"https:\/\/deportes.umh.es\/ca\/wp-json\/wp\/v2\/tags?post=17939"}],"curies":[{"name":"wp","href":"https:\/\/api.w.org\/{rel}","templated":true}]}}