{"id":17933,"date":"2026-04-21T11:17:32","date_gmt":"2026-04-21T09:17:32","guid":{"rendered":"https:\/\/deportes.umh.es\/?p=17933"},"modified":"2026-04-21T11:23:46","modified_gmt":"2026-04-21T09:23:46","slug":"la-umh-acoge-el-ultimo-entrenamiento-oficial-de-la-elche-night-race-2026","status":"publish","type":"post","link":"https:\/\/deportes.umh.es\/ca\/2026\/04\/21\/la-umh-acoge-el-ultimo-entrenamiento-oficial-de-la-elche-night-race-2026\/","title":{"rendered":"La UMH acull l\u2019\u00faltim entrenament oficial de la Elche Night Race 2026"},"content":{"rendered":"<p><\/p>\n<p style=\"text-align: justify\" data-start=\"141\" data-end=\"387\">El compte enrere per a la Elche Night Race 2026 ja \u00e9s una realitat. El pr\u00f2xim dijous 23 d\u2019abril, el campus de la Universitat Miguel Hern\u00e1ndez (UMH) d\u2019Elx ser\u00e0 l\u2019escenari del tercer i \u00faltim entrenament oficial abans de l\u2019esperada carrera nocturna.<\/p>\n<p style=\"text-align: justify\" data-start=\"389\" data-end=\"719\">A partir de les 20:00 hores, el Palau dels Esports de la UMH ser\u00e0 el punt de trobada per als participants d\u2019aquesta jornada preparat\u00f2ria. Els corredors afrontaran una tirada de 5 quil\u00f2metres a trav\u00e9s del Circuit V-Running, un recorregut t\u00e8cnic dissenyat per a afinar la preparaci\u00f3 f\u00edsica en la recta final abans de l\u2019esdeveniment.<\/p>\n<p style=\"text-align: justify\" data-start=\"389\" data-end=\"719\"><a href=\"https:\/\/deportes.umh.es\/files\/2026\/04\/entreno-night-race.jpg\"><img loading=\"lazy\" class=\" wp-image-17936 aligncenter\" src=\"https:\/\/deportes.umh.es\/files\/2026\/04\/entreno-night-race-240x300.jpg\" alt=\"\" width=\"324\" height=\"405\" srcset=\"https:\/\/deportes.umh.es\/files\/2026\/04\/entreno-night-race-240x300.jpg 240w, https:\/\/deportes.umh.es\/files\/2026\/04\/entreno-night-race.jpg 679w\" sizes=\"(max-width: 324px) 100vw, 324px\" \/><\/a><\/p>\n<h3 style=\"text-align: justify\" data-section-id=\"z2h3za\" data-start=\"721\" data-end=\"764\">Un entrenament obert a tots els nivells<\/h3>\n<p style=\"text-align: justify\" data-start=\"766\" data-end=\"1107\">La sessi\u00f3, organitzada per la Elche Night Race en col\u00b7laboraci\u00f3 amb UMH Esports, preveu reunir prop de 300 persones. Es tracta d\u2019una activitat oberta al p\u00fablic i adaptada a tot tipus de corredors, des d\u2019aquells que busquen mantindre un ritme exigent fins als qui prefereixen gaudir de l\u2019ambient i completar el recorregut a un ritme m\u00e9s suau.<\/p>\n<p style=\"text-align: justify\" data-start=\"1109\" data-end=\"1234\">L\u2019objectiu \u00e9s oferir un espai d\u2019entrenament col\u00b7lectiu que combine esport, motivaci\u00f3 i conviv\u00e8ncia en un entorn universitari.<\/p>\n<h3 style=\"text-align: justify\" data-section-id=\"54vqv8\" data-start=\"1236\" data-end=\"1265\">Detalls de l\u2019esdeveniment<\/h3>\n<ul style=\"text-align: justify\" data-start=\"1267\" data-end=\"1477\">\n<li data-section-id=\"1xc81sw\" data-start=\"1267\" data-end=\"1312\"><strong data-start=\"1269\" data-end=\"1287\">Lloc d\u2019eixida:<\/strong> Palau dels Esports UMH<\/li>\n<li data-section-id=\"1y6onlw\" data-start=\"1313\" data-end=\"1344\"><strong data-start=\"1315\" data-end=\"1324\">Data:<\/strong> Dijous 23 d\u2019abril<\/li>\n<li data-section-id=\"ofgs8t\" data-start=\"1345\" data-end=\"1370\"><strong data-start=\"1347\" data-end=\"1356\">Hora:<\/strong> 20:00 hores<\/li>\n<li data-section-id=\"1jae30j\" data-start=\"1371\" data-end=\"1403\"><strong data-start=\"1373\" data-end=\"1387\">Dist\u00e0ncia:<\/strong> 5 quil\u00f2metres<\/li>\n<li data-section-id=\"n4b2rp\" data-start=\"1404\" data-end=\"1441\"><strong data-start=\"1406\" data-end=\"1421\">Recorregut:<\/strong> Circuit V-Running<\/li>\n<li data-section-id=\"xstbjf\" data-start=\"1442\" data-end=\"1477\"><strong data-start=\"1444\" data-end=\"1477\">Inscripci\u00f3 pr\u00e8via obligat\u00f2ria<\/strong><\/li>\n<\/ul>\n<p style=\"text-align: justify\" data-start=\"1479\" data-end=\"1822\">L\u2019organitzaci\u00f3 recorda que, per a participar, \u00e9s imprescindible realitzar la inscripci\u00f3 pr\u00e8via a trav\u00e9s del<a href=\"https:\/\/docs.google.com\/forms\/d\/e\/1FAIpQLSe8HGjh_EWCJfUZSdc5Moq9qEvLxwcqcfpt1U-UZFPSLvA3bw\/viewform\"> formulari oficial<\/a> habilitat. Aquest entrenament suposa l\u2019\u00faltima oportunitat per a preparar la Elche Night Race en un entorn guiat i en grup, consolidant sensacions abans d\u2019una de les cites esportives m\u00e9s destacades del calendari local.<\/p>\n<p><\/p>","protected":false},"excerpt":{"rendered":"<p>El compte enrere per a la Elche Night Race 2026 ja \u00e9s una realitat. El pr\u00f2xim dijous 23 d\u2019abril, el campus de la Universitat Miguel Hern\u00e1ndez (UMH) d\u2019Elx ser\u00e0 l\u2019escenari del tercer i \u00faltim entrenament oficial abans de l\u2019esperada carrera nocturna.<br \/>\nA partir de les 20:00 hores, el Palau dels Esports de la UMH ser\u00e0 el [&#8230;]<\/p>\n","protected":false},"author":32274,"featured_media":0,"comment_status":"closed","ping_status":"open","sticky":false,"template":"","format":"standard","meta":{"_links_to":"","_links_to_target":""},"categories":[8118,69],"tags":[],"_links":{"self":[{"href":"https:\/\/deportes.umh.es\/ca\/wp-json\/wp\/v2\/posts\/17933"}],"collection":[{"href":"https:\/\/deportes.umh.es\/ca\/wp-json\/wp\/v2\/posts"}],"about":[{"href":"https:\/\/deportes.umh.es\/ca\/wp-json\/wp\/v2\/types\/post"}],"author":[{"embeddable":true,"href":"https:\/\/deportes.umh.es\/ca\/wp-json\/wp\/v2\/users\/32274"}],"replies":[{"embeddable":true,"href":"https:\/\/deportes.umh.es\/ca\/wp-json\/wp\/v2\/comments?post=17933"}],"version-history":[{"count":0,"href":"https:\/\/deportes.umh.es\/ca\/wp-json\/wp\/v2\/posts\/17933\/revisions"}],"wp:attachment":[{"href":"https:\/\/deportes.umh.es\/ca\/wp-json\/wp\/v2\/media?parent=17933"}],"wp:term":[{"taxonomy":"category","embeddable":true,"href":"https:\/\/deportes.umh.es\/ca\/wp-json\/wp\/v2\/categories?post=17933"},{"taxonomy":"post_tag","embeddable":true,"href":"https:\/\/deportes.umh.es\/ca\/wp-json\/wp\/v2\/tags?post=17933"}],"curies":[{"name":"wp","href":"https:\/\/api.w.org\/{rel}","templated":true}]}}