{"id":17894,"date":"2026-04-15T12:53:26","date_gmt":"2026-04-15T10:53:26","guid":{"rendered":"https:\/\/deportes.umh.es\/?p=17894"},"modified":"2026-04-16T10:18:27","modified_gmt":"2026-04-16T08:18:27","slug":"la-umh-acoge-el-iv-challenge-de-ciclismo-femenino-de-la-comunitat-valenciana-talentoenmovimiento","status":"publish","type":"post","link":"https:\/\/deportes.umh.es\/ca\/2026\/04\/15\/la-umh-acoge-el-iv-challenge-de-ciclismo-femenino-de-la-comunitat-valenciana-talentoenmovimiento\/","title":{"rendered":"La UMH acull el IV Challenge de Ciclisme Femen\u00ed de la Comunitat Valenciana #TalentoEnMovimiento"},"content":{"rendered":"<p><\/p>\n<p style=\"text-align: justify\" data-start=\"2200\" data-end=\"2494\">El campus d\u2019Elx de la <span class=\"hover:entity-accent entity-underline inline cursor-pointer align-baseline\"><span class=\"whitespace-normal\">Universidad Miguel Hern\u00e1ndez de Elche<\/span><\/span> (UMH) acollir\u00e0 aquest dissabte 18 d\u2019abril, a partir de les 16:00 hores, el IV Challenge de Ciclisme Femen\u00ed de la Comunitat Valenciana #TalentoEnMovimiento, un esdeveniment destacat per a impulsar l\u2019esport femen\u00ed a trav\u00e9s del ciclisme.<\/p>\n<p style=\"text-align: justify\" data-start=\"2496\" data-end=\"2814\">La prova est\u00e0 coorganitzada per la Delegaci\u00f3 del Rector de Campus Saludables i Esports, juntament amb la <span class=\"hover:entity-accent entity-underline inline cursor-pointer align-baseline\"><span class=\"whitespace-normal\">Federaci\u00f3n de Ciclismo de la Comunidad Valenciana<\/span><\/span>, la <span class=\"hover:entity-accent entity-underline inline cursor-pointer align-baseline\"><span class=\"whitespace-normal\">Uni\u00f3n Ciclista Ilicitana<\/span><\/span> i l\u2019<span class=\"hover:entity-accent entity-underline inline cursor-pointer align-baseline\"><span class=\"whitespace-normal\">Ayuntamiento de Elche<\/span><\/span>. A m\u00e9s, compta amb la col\u00b7laboraci\u00f3 de la Unitat d\u2019Igualtat de la UMH i la Casa de la Dona.<a href=\"https:\/\/deportes.umh.es\/files\/2026\/04\/III-Challenge-Cartel.png\"><img loading=\"lazy\" class=\"wp-image-17903 aligncenter\" src=\"https:\/\/deportes.umh.es\/files\/2026\/04\/III-Challenge-Cartel-212x300.png\" alt=\"\" width=\"406\" height=\"574\" srcset=\"https:\/\/deportes.umh.es\/files\/2026\/04\/III-Challenge-Cartel-212x300.png 212w, https:\/\/deportes.umh.es\/files\/2026\/04\/III-Challenge-Cartel-724x1024.png 724w, https:\/\/deportes.umh.es\/files\/2026\/04\/III-Challenge-Cartel-768x1086.png 768w, https:\/\/deportes.umh.es\/files\/2026\/04\/III-Challenge-Cartel-1086x1536.png 1086w, https:\/\/deportes.umh.es\/files\/2026\/04\/III-Challenge-Cartel.png 1414w\" sizes=\"(max-width: 406px) 100vw, 406px\" \/><\/a><\/p>\n<h4 style=\"text-align: justify\" data-start=\"2816\" data-end=\"2855\">Un circuit urb\u00e0 r\u00e0pid i competitiu<\/h4>\n<p style=\"text-align: justify\" data-start=\"2857\" data-end=\"3183\">L\u2019eixida i la meta estaran situades al vial entre el Palau dels Esports i el Complex de Formaci\u00f3 Esportiva El Clot, dins del campus universitari. El recorregut continuar\u00e0 pel vial de l\u2019aparcament nord, el cam\u00ed del pant\u00e0 i l\u2019Avinguda de la Universitat, tornant al campus per l\u2019entrada de l\u2019edifici de Rectorat i Consell Social.<\/p>\n<p style=\"text-align: justify\" data-start=\"3185\" data-end=\"3335\">Respecte a edicions anteriors, es tracta d\u2019un circuit m\u00e9s r\u00e0pid, que afavoreix les escapades, amb metes volants premiades en les diferents categories.<\/p>\n<p data-start=\"3185\" data-end=\"3335\"><a href=\"https:\/\/deportes.umh.es\/files\/2026\/04\/Imagen1.jpg\"><img loading=\"lazy\" class=\"wp-image-17897 aligncenter\" src=\"https:\/\/deportes.umh.es\/files\/2026\/04\/Imagen1-300x201.jpg\" alt=\"\" width=\"546\" height=\"366\" srcset=\"https:\/\/deportes.umh.es\/files\/2026\/04\/Imagen1-300x201.jpg 300w, https:\/\/deportes.umh.es\/files\/2026\/04\/Imagen1-1024x687.jpg 1024w, https:\/\/deportes.umh.es\/files\/2026\/04\/Imagen1-768x516.jpg 768w, https:\/\/deportes.umh.es\/files\/2026\/04\/Imagen1.jpg 1299w\" sizes=\"(max-width: 546px) 100vw, 546px\" \/><\/a><\/p>\n<h4 style=\"text-align: justify\" data-start=\"3337\" data-end=\"3375\">Dues carreres i gran participaci\u00f3<\/h4>\n<p style=\"text-align: justify\" data-start=\"3377\" data-end=\"3520\">L\u2019esdeveniment inclour\u00e0 dues carreres amb ciclistes de les categories Sub-23, M\u00e0ster 60, M\u00e0ster 50, M\u00e0ster 40, M\u00e0ster 30, J\u00fanior, \u00c8lit i Cadet.<\/p>\n<p style=\"text-align: justify\" data-start=\"3522\" data-end=\"3676\">S\u2019estima la participaci\u00f3 d\u2019unes 100 esportistes de 15 a 20 equips, consolidant la prova com una cita destacada del calendari auton\u00f2mic de ciclisme femen\u00ed.<\/p>\n<h4 style=\"text-align: justify\" data-start=\"3678\" data-end=\"3707\">Impuls a l\u2019esport femen\u00ed<\/h4>\n<p style=\"text-align: justify\" data-start=\"3709\" data-end=\"3908\">La competici\u00f3 pret\u00e9n donar visibilitat al talent femen\u00ed. Es lliuraran premis a les tres primeres classificades de cada categoria, aix\u00ed com als millors equips en categories cadet, j\u00fanior i \u00e8lit-sub23.<\/p>\n<p style=\"text-align: justify\" data-start=\"3910\" data-end=\"4020\">Amb iniciatives com aquesta, la UMH refor\u00e7a el seu comprom\u00eds amb la igualtat i la promoci\u00f3 de l\u2019esport femen\u00ed.<\/p>\n<p data-start=\"3910\" data-end=\"4020\">\n<p><\/p>","protected":false},"excerpt":{"rendered":"<p>El campus d\u2019Elx de la Universidad Miguel Hern\u00e1ndez de Elche (UMH) acollir\u00e0 aquest dissabte 18 d\u2019abril, a partir de les 16:00 hores, el IV Challenge de Ciclisme Femen\u00ed de la Comunitat Valenciana #TalentoEnMovimiento, un esdeveniment destacat per a impulsar l\u2019esport femen\u00ed a trav\u00e9s del ciclisme.<br \/>\nLa prova est\u00e0 coorganitzada per la Delegaci\u00f3 del Rector de Campus [&#8230;]<\/p>\n","protected":false},"author":32274,"featured_media":17903,"comment_status":"closed","ping_status":"open","sticky":false,"template":"","format":"standard","meta":{"_links_to":"","_links_to_target":""},"categories":[6872,1318,3490,69,2145],"tags":[],"_links":{"self":[{"href":"https:\/\/deportes.umh.es\/ca\/wp-json\/wp\/v2\/posts\/17894"}],"collection":[{"href":"https:\/\/deportes.umh.es\/ca\/wp-json\/wp\/v2\/posts"}],"about":[{"href":"https:\/\/deportes.umh.es\/ca\/wp-json\/wp\/v2\/types\/post"}],"author":[{"embeddable":true,"href":"https:\/\/deportes.umh.es\/ca\/wp-json\/wp\/v2\/users\/32274"}],"replies":[{"embeddable":true,"href":"https:\/\/deportes.umh.es\/ca\/wp-json\/wp\/v2\/comments?post=17894"}],"version-history":[{"count":0,"href":"https:\/\/deportes.umh.es\/ca\/wp-json\/wp\/v2\/posts\/17894\/revisions"}],"wp:featuredmedia":[{"embeddable":true,"href":"https:\/\/deportes.umh.es\/ca\/wp-json\/wp\/v2\/media\/17903"}],"wp:attachment":[{"href":"https:\/\/deportes.umh.es\/ca\/wp-json\/wp\/v2\/media?parent=17894"}],"wp:term":[{"taxonomy":"category","embeddable":true,"href":"https:\/\/deportes.umh.es\/ca\/wp-json\/wp\/v2\/categories?post=17894"},{"taxonomy":"post_tag","embeddable":true,"href":"https:\/\/deportes.umh.es\/ca\/wp-json\/wp\/v2\/tags?post=17894"}],"curies":[{"name":"wp","href":"https:\/\/api.w.org\/{rel}","templated":true}]}}