{"id":17368,"date":"2025-10-24T12:11:48","date_gmt":"2025-10-24T10:11:48","guid":{"rendered":"https:\/\/deportes.umh.es\/?p=17368"},"modified":"2025-10-24T12:12:40","modified_gmt":"2025-10-24T10:12:40","slug":"la-umh-colabora-en-la-xli-cross-escolar-y-popular-de-elche-que-se-celebrara-en-su-campus-el-2-de-noviembre","status":"publish","type":"post","link":"https:\/\/deportes.umh.es\/ca\/2025\/10\/24\/la-umh-colabora-en-la-xli-cross-escolar-y-popular-de-elche-que-se-celebrara-en-su-campus-el-2-de-noviembre\/","title":{"rendered":"La UMH col\u00b7labora en la XLI Cross Escolar i Popular d\u2019Elx, que se celebrar\u00e0 al seu campus el 2 de novembre"},"content":{"rendered":"<p><\/p>\n<p data-start=\"483\" data-end=\"942\"><img loading=\"lazy\" class=\"alignleft\" src=\"https:\/\/www.elche.es\/wp-content\/uploads\/2025\/10\/La-XLI-Cross-Escolar-1-1170x659.jpg\" alt=\"La XLI Cross Escolar y Popular llega a Elche el pr\u00f3ximo 2 de noviembre\" width=\"277\" height=\"156\" \/>La Universitat Miguel Hern\u00e1ndez (UMH) d\u2019Elx col\u00b7laborar\u00e0 el pr\u00f2xim <strong data-start=\"583\" data-end=\"600\">2 de novembre<\/strong> en la celebraci\u00f3 de la <strong data-start=\"624\" data-end=\"674\">XLI edici\u00f3 de la Cross Escolar i Popular d\u2019Elx<\/strong>, una de les cites esportives m\u00e9s emblem\u00e0tiques del municipi, organitzada per l\u2019Ajuntament d\u2019Elx a trav\u00e9s de la Regidoria d\u2019Esports. La jornada esportiva tindr\u00e0 lloc al <strong data-start=\"843\" data-end=\"869\">campus d\u2019Elx de la UMH<\/strong>, amb eixida a les <strong data-start=\"888\" data-end=\"941\">10.00 hores des de la Pla\u00e7a de l\u2019Edifici La G\u00e0lia<\/strong>.<br \/>\nLa prova reunir\u00e0 <strong data-start=\"961\" data-end=\"1020\">escolars des de 1r de Prim\u00e0ria fins a 2n de Batxillerat<\/strong>, a m\u00e9s d\u2019una categoria oberta per a persones adultes en el Cross Popular. La participaci\u00f3 \u00e9s <strong data-start=\"1114\" data-end=\"1126\">gratu\u00efta<\/strong> i les <strong data-start=\"1133\" data-end=\"1189\">inscripcions es poden realitzar fins al 26 d\u2019octubre<\/strong> a trav\u00e9s del web de l\u2019Ajuntament d\u2019Elx, en l\u2019\u00e0rea d\u2019Esports.<\/p>\n<hr data-start=\"1252\" data-end=\"1255\" \/>\n<h3 data-start=\"1257\" data-end=\"1317\">Comprom\u00eds amb la salut i l\u2019educaci\u00f3 a trav\u00e9s de l\u2019esport<\/h3>\n<p data-start=\"1319\" data-end=\"1559\">La UMH participa en aquest esdeveniment dins de les accions del programa <strong data-start=\"1392\" data-end=\"1423\">Campus Saludables i Esports<\/strong>, amb l\u2019objectiu de fomentar <strong data-start=\"1452\" data-end=\"1527\">h\u00e0bits de vida activa, conviv\u00e8ncia intergeneracional i valors educatius<\/strong> a trav\u00e9s de l\u2019activitat f\u00edsica.<\/p>\n<p data-start=\"1561\" data-end=\"1662\">El delegat del Rector per a Campus Saludables i Esports de la UMH, <strong data-start=\"1628\" data-end=\"1642\">Ra\u00fal Reina<\/strong>, ha destacat que:<br \/>\n\u201cPer a la UMH \u00e9s un orgull col\u00b7laborar un any m\u00e9s en una prova que combina esport educatiu, participaci\u00f3 familiar i comprom\u00eds social. A m\u00e9s, aquesta edici\u00f3 adquireix un significat especial en unir activitat f\u00edsica i salut mental des d\u2019una perspectiva de prevenci\u00f3 i benestar comunitari\u201d.<\/p>\n<hr data-start=\"1954\" data-end=\"1957\" \/>\n<h3 data-start=\"1959\" data-end=\"2011\">Nova marxa no competitiva \u201cC\u00f3rrer saludablement\u201d<\/h3>\n<p data-start=\"2013\" data-end=\"2436\">Com a novetat, la prova incorpora enguany la <strong data-start=\"2058\" data-end=\"2105\">marxa no competitiva \u201cC\u00f3rrer saludablement\u201d<\/strong>, destinada a promoure l\u2019activitat f\u00edsica com a eina de benestar emocional. Durant la jornada, el campus comptar\u00e0 amb <strong data-start=\"2223\" data-end=\"2292\">punts informatius i accions de sensibilitzaci\u00f3 sobre salut mental<\/strong>, organitzades en col\u00b7laboraci\u00f3 amb les entitats participants. En finalitzar les proves es <strong data-start=\"2383\" data-end=\"2435\">llegir\u00e0 un manifest en suport de la salut mental<\/strong>.<br \/>\nEl circuit recorrer\u00e0 diferents zones del campus universitari i comptar\u00e0 amb <strong data-start=\"2514\" data-end=\"2542\">sis dist\u00e0ncies adaptades<\/strong> entre <strong data-start=\"2549\" data-end=\"2571\">550 i 2.450 metres<\/strong>, segons cada categoria.<\/p>\n<hr data-start=\"2597\" data-end=\"2600\" \/>\n<p data-start=\"2602\" data-end=\"2870\"><strong data-start=\"2602\" data-end=\"2636\">M\u00e9s informaci\u00f3 i inscripcions:<\/strong> <a class=\"decorated-link cursor-pointer\" target=\"_new\" rel=\"noopener\" data-start=\"2637\" data-end=\"2658\">www.elche.es\/deportes<\/a><\/p>\n<p><\/p>","protected":false},"excerpt":{"rendered":"<p>La Universitat Miguel Hern\u00e1ndez (UMH) d\u2019Elx col\u00b7laborar\u00e0 el pr\u00f2xim 2 de novembre en la celebraci\u00f3 de la XLI edici\u00f3 de la Cross Escolar i Popular d\u2019Elx, una de les cites esportives m\u00e9s emblem\u00e0tiques del municipi, organitzada per l\u2019Ajuntament d\u2019Elx a trav\u00e9s de la Regidoria d\u2019Esports. La jornada esportiva tindr\u00e0 lloc al campus d\u2019Elx de la [&#8230;]<\/p>\n","protected":false},"author":3216,"featured_media":0,"comment_status":"closed","ping_status":"open","sticky":false,"template":"","format":"standard","meta":{"_links_to":"","_links_to_target":""},"categories":[1],"tags":[],"_links":{"self":[{"href":"https:\/\/deportes.umh.es\/ca\/wp-json\/wp\/v2\/posts\/17368"}],"collection":[{"href":"https:\/\/deportes.umh.es\/ca\/wp-json\/wp\/v2\/posts"}],"about":[{"href":"https:\/\/deportes.umh.es\/ca\/wp-json\/wp\/v2\/types\/post"}],"author":[{"embeddable":true,"href":"https:\/\/deportes.umh.es\/ca\/wp-json\/wp\/v2\/users\/3216"}],"replies":[{"embeddable":true,"href":"https:\/\/deportes.umh.es\/ca\/wp-json\/wp\/v2\/comments?post=17368"}],"version-history":[{"count":0,"href":"https:\/\/deportes.umh.es\/ca\/wp-json\/wp\/v2\/posts\/17368\/revisions"}],"wp:attachment":[{"href":"https:\/\/deportes.umh.es\/ca\/wp-json\/wp\/v2\/media?parent=17368"}],"wp:term":[{"taxonomy":"category","embeddable":true,"href":"https:\/\/deportes.umh.es\/ca\/wp-json\/wp\/v2\/categories?post=17368"},{"taxonomy":"post_tag","embeddable":true,"href":"https:\/\/deportes.umh.es\/ca\/wp-json\/wp\/v2\/tags?post=17368"}],"curies":[{"name":"wp","href":"https:\/\/api.w.org\/{rel}","templated":true}]}}