{"id":16126,"date":"2024-07-02T13:36:50","date_gmt":"2024-07-02T11:36:50","guid":{"rendered":"https:\/\/deportes.umh.es\/?p=16126"},"modified":"2024-07-02T14:05:59","modified_gmt":"2024-07-02T12:05:59","slug":"la-umh-y-club-de-karate-antonio-miguel-verdu-firman-un-convenio-para-el-fomento-y-tecnificacion-del-karate-universitario","status":"publish","type":"post","link":"https:\/\/deportes.umh.es\/ca\/2024\/07\/02\/la-umh-y-club-de-karate-antonio-miguel-verdu-firman-un-convenio-para-el-fomento-y-tecnificacion-del-karate-universitario\/","title":{"rendered":"<span lang=\"es\">(Espa\u00f1ol) La UMH y Club de K\u00e1rate Antonio Miguel Verd\u00fa firman un convenio para el fomento y tecnificaci\u00f3n del k\u00e1rate universitario<\/span>"},"content":{"rendered":"<p class=\"qtranxs-available-languages-message qtranxs-available-languages-message-ca\">Ho sentim, aquesta entrada es troba disponible \u00fanicament en <a href=\"https:\/\/deportes.umh.es\/es\/wp-json\/wp\/v2\/posts\/16126\" class=\"qtranxs-available-language-link qtranxs-available-language-link-es\" title=\"Espa\u00f1ol\">Espanyol Europeu<\/a>.<\/p>","protected":false},"excerpt":{"rendered":"<p>Ho sentim, aquesta entrada es troba disponible \u00fanicament en Espanyol Europeu.<\/p>\n","protected":false},"author":3216,"featured_media":0,"comment_status":"closed","ping_status":"open","sticky":false,"template":"","format":"standard","meta":{"_links_to":"","_links_to_target":""},"categories":[69],"tags":[570,825],"_links":{"self":[{"href":"https:\/\/deportes.umh.es\/ca\/wp-json\/wp\/v2\/posts\/16126"}],"collection":[{"href":"https:\/\/deportes.umh.es\/ca\/wp-json\/wp\/v2\/posts"}],"about":[{"href":"https:\/\/deportes.umh.es\/ca\/wp-json\/wp\/v2\/types\/post"}],"author":[{"embeddable":true,"href":"https:\/\/deportes.umh.es\/ca\/wp-json\/wp\/v2\/users\/3216"}],"replies":[{"embeddable":true,"href":"https:\/\/deportes.umh.es\/ca\/wp-json\/wp\/v2\/comments?post=16126"}],"version-history":[{"count":0,"href":"https:\/\/deportes.umh.es\/ca\/wp-json\/wp\/v2\/posts\/16126\/revisions"}],"wp:attachment":[{"href":"https:\/\/deportes.umh.es\/ca\/wp-json\/wp\/v2\/media?parent=16126"}],"wp:term":[{"taxonomy":"category","embeddable":true,"href":"https:\/\/deportes.umh.es\/ca\/wp-json\/wp\/v2\/categories?post=16126"},{"taxonomy":"post_tag","embeddable":true,"href":"https:\/\/deportes.umh.es\/ca\/wp-json\/wp\/v2\/tags?post=16126"}],"curies":[{"name":"wp","href":"https:\/\/api.w.org\/{rel}","templated":true}]}}