{"id":15401,"date":"2023-12-04T10:01:47","date_gmt":"2023-12-04T09:01:47","guid":{"rendered":"https:\/\/deportes.umh.es\/?p=15401"},"modified":"2023-12-04T10:04:37","modified_gmt":"2023-12-04T09:04:37","slug":"calendario-cadu-de-deportes-individuales","status":"publish","type":"post","link":"https:\/\/deportes.umh.es\/ca\/2023\/12\/04\/calendario-cadu-de-deportes-individuales\/","title":{"rendered":"Calendari CADU d&#8217;esports individuals"},"content":{"rendered":"<p>Publicat el calendari provisional de CADU individual, juntament amb la universitat organitzadora.<\/p>\n<p>Recordem que el q\u00fcestionari d&#8217;inscripcions \u00e9s obert fins al proper 15 de desembre. Us recordem que fer la inscripci\u00f3 no garanteix la participaci\u00f3. A les persones inscrites els contactarem a trav\u00e9s del correu que ens faciliteu a la inscripci\u00f3, aproximadament un mes abans a la competici\u00f3 per confirmar la vostra assist\u00e8ncia o realitzar les proves de selecci\u00f3 en aquells esports que aix\u00ed ho necessitin.<\/p>\n<p><a href=\"https:\/\/deportes.umh.es\/files\/2023\/12\/CALENDARIO-INDIVIDUALES.png\"><img loading=\"lazy\" class=\"aligncenter wp-image-15404 size-large\" src=\"https:\/\/deportes.umh.es\/files\/2023\/12\/CALENDARIO-INDIVIDUALES-771x1024.png\" alt=\"\" width=\"771\" height=\"1024\" srcset=\"https:\/\/deportes.umh.es\/files\/2023\/12\/CALENDARIO-INDIVIDUALES-771x1024.png 771w, https:\/\/deportes.umh.es\/files\/2023\/12\/CALENDARIO-INDIVIDUALES-226x300.png 226w, https:\/\/deportes.umh.es\/files\/2023\/12\/CALENDARIO-INDIVIDUALES-768x1021.png 768w, https:\/\/deportes.umh.es\/files\/2023\/12\/CALENDARIO-INDIVIDUALES-1156x1536.png 1156w, https:\/\/deportes.umh.es\/files\/2023\/12\/CALENDARIO-INDIVIDUALES-1541x2048.png 1541w, https:\/\/deportes.umh.es\/files\/2023\/12\/CALENDARIO-INDIVIDUALES.png 1803w\" sizes=\"(max-width: 771px) 100vw, 771px\" \/><\/a><\/p>","protected":false},"excerpt":{"rendered":"<p>Publicat el calendari provisional de CADU individual, juntament amb la universitat organitzadora.<br \/>\nRecordem que el q\u00fcestionari d&#8217;inscripcions \u00e9s obert fins al proper 15 de desembre. Us recordem que fer la inscripci\u00f3 no garanteix la participaci\u00f3. A les persones inscrites els contactarem a trav\u00e9s del correu que ens faciliteu a la inscripci\u00f3, aproximadament un mes abans a [&#8230;]<\/p>\n","protected":false},"author":3216,"featured_media":0,"comment_status":"closed","ping_status":"open","sticky":false,"template":"","format":"standard","meta":{"_links_to":"","_links_to_target":""},"categories":[797],"tags":[],"_links":{"self":[{"href":"https:\/\/deportes.umh.es\/ca\/wp-json\/wp\/v2\/posts\/15401"}],"collection":[{"href":"https:\/\/deportes.umh.es\/ca\/wp-json\/wp\/v2\/posts"}],"about":[{"href":"https:\/\/deportes.umh.es\/ca\/wp-json\/wp\/v2\/types\/post"}],"author":[{"embeddable":true,"href":"https:\/\/deportes.umh.es\/ca\/wp-json\/wp\/v2\/users\/3216"}],"replies":[{"embeddable":true,"href":"https:\/\/deportes.umh.es\/ca\/wp-json\/wp\/v2\/comments?post=15401"}],"version-history":[{"count":0,"href":"https:\/\/deportes.umh.es\/ca\/wp-json\/wp\/v2\/posts\/15401\/revisions"}],"wp:attachment":[{"href":"https:\/\/deportes.umh.es\/ca\/wp-json\/wp\/v2\/media?parent=15401"}],"wp:term":[{"taxonomy":"category","embeddable":true,"href":"https:\/\/deportes.umh.es\/ca\/wp-json\/wp\/v2\/categories?post=15401"},{"taxonomy":"post_tag","embeddable":true,"href":"https:\/\/deportes.umh.es\/ca\/wp-json\/wp\/v2\/tags?post=15401"}],"curies":[{"name":"wp","href":"https:\/\/api.w.org\/{rel}","templated":true}]}}