{"id":15315,"date":"2023-09-28T10:05:50","date_gmt":"2023-09-28T08:05:50","guid":{"rendered":"https:\/\/deportes.umh.es\/?p=15315"},"modified":"2023-09-28T10:06:30","modified_gmt":"2023-09-28T08:06:30","slug":"publicacion-de-las-becas-dan-y-fta-para-estudiantado-deportista-2022-2023","status":"publish","type":"post","link":"https:\/\/deportes.umh.es\/ca\/2023\/09\/28\/publicacion-de-las-becas-dan-y-fta-para-estudiantado-deportista-2022-2023\/","title":{"rendered":"Publicaci\u00f3 de les beques DONEN i *FTA per a estudiantat esportista 2022\/2023"},"content":{"rendered":"<p><img loading=\"lazy\" class=\"alignleft\" src=\"https:\/\/estaticos-cdn.prensaiberica.es\/clip\/c60578af-ef69-4ce2-b5e5-45a5d507861b_16-9-discover-aspect-ratio_default_0_x2802y1488.jpg\" alt=\"La FTA y las ocho universidades valencianas renuevan UniEsport 2023 - Superdeporte\" width=\"269\" height=\"151\" \/>La setmana passada va iniciar el per\u00edode de presentaci\u00f3 d&#8217;inst\u00e0ncies per a la sol\u00b7licitud de les beques esportives destinades a estudiantat de la *UMH que ha participat<\/p>\n<p>El termini per a la presentaci\u00f3 de les <a href=\"https:\/\/boumh.umh.es\/files\/2023\/09\/RR_02397_2023.pdf\">Beques Esportista Alt Nivell<\/a> finalitza el 13 d&#8217;Octubre.<\/p>\n<p>El termini per a la presentaci\u00f3 dels <a href=\"https:\/\/boumh.umh.es\/files\/2023\/09\/RR_02378_2023.pdf\">Premis Fundaci\u00f3 Trinidad Alfonso para estudiantado deportista<\/a> finalitza el 15 d&#8217;Octubre.<\/p>\n<p>Pot accedir a les bases en els enlla\u00e7os vinculats a cada ajuda.<\/p>","protected":false},"excerpt":{"rendered":"<p>La setmana passada va iniciar el per\u00edode de presentaci\u00f3 d&#8217;inst\u00e0ncies per a la sol\u00b7licitud de les beques esportives destinades a estudiantat de la *UMH que ha participat<br \/>\nEl termini per a la presentaci\u00f3 de les Beques Esportista Alt Nivell finalitza el 13 d&#8217;Octubre.<br \/>\nEl termini per a la presentaci\u00f3 dels Premis Fundaci\u00f3 Trinidad Alfonso para estudiantado deportista [&#8230;]<\/p>\n","protected":false},"author":3216,"featured_media":0,"comment_status":"closed","ping_status":"open","sticky":false,"template":"","format":"standard","meta":{"_links_to":"","_links_to_target":""},"categories":[14,635177,1],"tags":[],"_links":{"self":[{"href":"https:\/\/deportes.umh.es\/ca\/wp-json\/wp\/v2\/posts\/15315"}],"collection":[{"href":"https:\/\/deportes.umh.es\/ca\/wp-json\/wp\/v2\/posts"}],"about":[{"href":"https:\/\/deportes.umh.es\/ca\/wp-json\/wp\/v2\/types\/post"}],"author":[{"embeddable":true,"href":"https:\/\/deportes.umh.es\/ca\/wp-json\/wp\/v2\/users\/3216"}],"replies":[{"embeddable":true,"href":"https:\/\/deportes.umh.es\/ca\/wp-json\/wp\/v2\/comments?post=15315"}],"version-history":[{"count":0,"href":"https:\/\/deportes.umh.es\/ca\/wp-json\/wp\/v2\/posts\/15315\/revisions"}],"wp:attachment":[{"href":"https:\/\/deportes.umh.es\/ca\/wp-json\/wp\/v2\/media?parent=15315"}],"wp:term":[{"taxonomy":"category","embeddable":true,"href":"https:\/\/deportes.umh.es\/ca\/wp-json\/wp\/v2\/categories?post=15315"},{"taxonomy":"post_tag","embeddable":true,"href":"https:\/\/deportes.umh.es\/ca\/wp-json\/wp\/v2\/tags?post=15315"}],"curies":[{"name":"wp","href":"https:\/\/api.w.org\/{rel}","templated":true}]}}