{"id":149,"date":"2010-04-01T08:00:03","date_gmt":"2010-04-01T07:00:03","guid":{"rendered":"http:\/\/deportes.zeus.umh.es\/?p=149"},"modified":"2010-04-01T08:00:03","modified_gmt":"2010-04-01T07:00:03","slug":"avance-de-informacion-sobre-la-escuela-de-padel-20092010","status":"publish","type":"post","link":"https:\/\/deportes.umh.es\/ca\/2010\/04\/01\/avance-de-informacion-sobre-la-escuela-de-padel-20092010\/","title":{"rendered":"Escuela de Padel 2009\/2010"},"content":{"rendered":"<p><strong>INSCRIPCI\u00d3N EN CURSO<\/strong><\/p>\n<p><a href=\"https:\/\/deportes.umh.es\/files\/2010\/04\/padel-umh-abr-jun2010.pdf\">GRUPOS Y VACANTES<\/a><\/p>\n<p>No se contestar\u00e1 a correos antes de las 16h.<\/p>\n<p>PARA EL CAMPUS DE ORIHUELA TODAVIA NO HAY GRUPOS OFERTADOS.<\/p>\n<p><!--more--><\/p>\n<p class=\"MsoNormal\" style=\"text-align: center;margin: 0cm 0cm 0pt\" align=\"center\"><strong><span style=\"text-decoration: underline\"><span style=\"font-size: 14pt;font-family: Arial\">CALENDARIO ESCUELA DE PADEL 2009-2010<\/span><\/span><\/strong><\/p>\n<p class=\"MsoNormal\" style=\"margin: 0cm 0cm 0pt\"><span style=\"font-family: Arial\"><a href=\"https:\/\/deportes.umh.es\/files\/2009\/09\/padel-umh-sep-20095.pdf\"><\/a><\/span><\/p>\n<p class=\"MsoNormal\" style=\"margin: 0cm 0cm 0pt\"><span style=\"font-size: small\"><strong><span style=\"text-decoration: underline\"><span style=\"font-family: Arial\">3 Turnos<\/span><\/span><\/strong><span style=\"text-decoration: underline\"><span style=\"font-family: Arial\">:<\/span><\/span><\/span><\/p>\n<p class=\"MsoNormal\" style=\"margin: 0cm 0cm 0pt\"><span style=\"font-family: Arial\"><span style=\"font-size: small\"><strong>\u00b7 Septiembre- Diciembre<\/strong><span> Inicio de clases el 28 de septiembre.<\/span><\/span><\/span><\/p>\n<p class=\"MsoNormal\" style=\"margin: 0cm 0cm 0pt\"><span style=\"font-family: Arial\"><span style=\"font-size: small\"><strong>\u00b7 Enero \u2013 Marzo:<\/strong> inicio de clases 11 de enero<\/span><\/span><\/p>\n<p class=\"MsoNormal\" style=\"margin: 0cm 0cm 0pt\"><strong><span style=\"font-family: Arial\"><span style=\"font-size: small\">\u00b7 Abril \u2013 Junio: inicio de clases 13 de abril<\/span><\/span><\/strong><\/p>\n<p class=\"MsoNormal\" style=\"margin: 0cm 0cm 0pt\"><strong><\/strong><span style=\"font-size: small\"><strong><span style=\"text-decoration: underline\"><span style=\"font-family: Arial\">Duraci\u00f3n<\/span><\/span><\/strong><span style=\"font-family: Arial\"> de cada turno: 10 semanas<\/span><\/span><\/p>\n<p class=\"MsoNormal\" style=\"margin: 0cm 0cm 0pt\">\n<p class=\"MsoNormal\" style=\"margin: 0cm 0cm 0pt\"><span style=\"font-size: small;font-family: Arial\"><strong>NOTA<\/strong>: Las clases no se recuperar\u00e1n por causas ajenas al secretariado.( lluvia, etc&#8230;)<\/span><\/p>\n<p class=\"MsoNormal\" style=\"margin: 0cm 0cm 0pt\">\n<p class=\"MsoNormal\" style=\"margin: 0cm 0cm 0pt\"><strong><\/strong><strong><span style=\"text-decoration: underline\"><span style=\"font-family: Arial\"><span style=\"font-size: small\">Tarifas:<\/span><\/span><\/span><\/strong><\/p>\n<p class=\"MsoNormal\" style=\"margin: 0cm 0cm 0pt\"><strong><\/strong><\/p>\n<p class=\"MsoNormal\" style=\"margin: 0cm 0cm 0pt\"><span style=\"font-size: small\"><span style=\"font-family: Arial\">\u00b7 75 \u20ac Ordinaria \/ turno<span> <\/span>\u00b7 210\u20ac \/ curso completo <\/span><\/span><\/p>\n<p class=\"MsoNormal\" style=\"margin: 0cm 0cm 0pt\"><span style=\"font-family: Arial\"><span style=\"font-size: small\">\u00b7 55 \u20ac UMH \/ turno<span> <\/span>\u00b7 150\u20ac \/ curso completo<\/span><\/span><\/p>\n<p class=\"MsoNormal\" style=\"margin: 0cm 0cm 0pt\">* La opci\u00f3n de pago del curso completo solo est\u00e1 disponible en el mes de septiembre.<\/p>\n<p class=\"MsoNormal\" style=\"margin: 0cm 0cm 0pt\"><strong><span style=\"text-decoration: underline\"><span style=\"font-family: Arial\"><span style=\"font-size: small\">Niveles: <\/span><\/span><\/span><\/strong><\/p>\n<p class=\"MsoNormal\" style=\"margin: 0cm 0cm 0pt\"><strong><\/strong><\/p>\n<p class=\"MsoNormal\" style=\"padding-left: 30px;margin: 0cm 0cm 0pt\"><span style=\"font-size: small\"><strong><span style=\"font-family: Arial\">Iniciaci\u00f3n 1: <\/span><\/strong><span style=\"font-family: Arial\">Para todos aquellos que empiezan de cero<\/span><\/span><\/p>\n<p class=\"MsoNormal\" style=\"padding-left: 30px;margin: 0cm 0cm 0pt\"><span style=\"font-family: Arial\"><span style=\"font-size: small\"><strong>Iniciaci\u00f3n 2: <\/strong>Para aquellos que, aun teniendo conocimientos, no dominan aun todos los golpes.<\/span><\/span><\/p>\n<p class=\"MsoNormal\" style=\"padding-left: 30px;margin: 0cm 0cm 0pt\"><span style=\"font-family: Arial\"><span style=\"font-size: small\"><strong>Avanzado 1:<\/strong> Para aquellos que dominan todos los golpes, y tienen costumbre de jugar a menudo.<\/span><\/span><\/p>\n<p class=\"MsoNormal\" style=\"padding-left: 30px;margin: 0cm 0cm 0pt\"><span style=\"font-size: small\"><strong><span style=\"font-family: Arial\">Avanzado 2: <\/span><\/strong><span style=\"font-family: Arial\">Para aquellos que tienen costumbre de jugar semanalmente y compiten.<\/span><\/span><\/p>\n<p class=\"MsoNormal\" style=\"margin: 0cm 0cm 0pt\">\n<p class=\"MsoNormal\" style=\"margin: 0cm 0cm 0pt\"><strong><span style=\"text-decoration: underline\"><span style=\"font-family: Arial\"><span style=\"font-size: small\">Horarios Elche:<\/span><\/span><\/span><\/strong><\/p>\n<p class=\"MsoNormal\" style=\"margin: 0cm 0cm 0pt\"><span style=\"font-size: small\"><strong><span style=\"font-family: Arial\">\u00b7 Ma\u00f1anas: <\/span><\/strong><span style=\"font-family: Arial\">Martes y Jueves, de 9h a 13h. Lunes y Mi\u00e9rcoles de 11h a 13h.<\/span><\/span><\/p>\n<p class=\"MsoNormal\" style=\"margin: 0cm 0cm 0pt\"><span style=\"font-size: small\"><strong><span style=\"font-family: Arial\">\u00b7 Tardes: <\/span><\/strong><span style=\"font-family: Arial\">De Lunes a Jueves, de 16 a 22h.<\/span><\/span><\/p>\n<p class=\"MsoNormal\" style=\"margin: 0cm 0cm 0pt\"><span style=\"font-family: Arial\"><span style=\"font-size: small\">* <\/span><\/span><span style=\"font-size: 10pt;font-family: Arial\">Los grupos ser\u00e1n de una hora por semana, aunque existe la opci\u00f3n de asistir a varios grupos, para todos aquellos que quieran ampliar el numero de horas por semana.<\/span><\/p>\n<p class=\"MsoNormal\" style=\"margin: 0cm 0cm 0pt\"><strong><span style=\"text-decoration: underline\">Horarios\u00a0Orihuela:<\/span><\/strong><\/p>\n<p class=\"MsoNormal\" style=\"margin: 0cm 0cm 0pt\"><strong><span style=\"font-weight: normal\"><strong>\u00b7Tardes:<\/strong> Martes y Jueves de 15 a 22h. Miercoles y viernes de 17 a 20h.<\/span><\/strong><\/p>\n<p class=\"MsoNormal\" style=\"margin: 0cm 0cm 0pt\"><strong><span style=\"text-decoration: underline\"><span style=\"font-family: Arial\"><span style=\"font-size: small\">Inscripciones:<\/span><\/span><\/span><\/strong><\/p>\n<p class=\"MsoNormal\" style=\"margin: 0cm 0cm 0pt\"><strong><\/strong><\/p>\n<p class=\"MsoNormal\" style=\"margin: 0cm 0cm 0pt\"><span style=\"font-family: Arial\"><span style=\"font-size: small\">\u00b7 <strong><span style=\"text-decoration: underline\">1er Turno y Curso completo: A partir del 2 de Septiembre<\/span><\/strong><\/span><\/span><\/p>\n<p class=\"MsoNormal\" style=\"margin: 0cm 0cm 0pt\"><span style=\"font-family: Arial\"><span style=\"font-size: small\">\u00b7<strong> 2\u00ba Turno: A partir del 1 de Diciembre<\/strong><\/span><\/span><\/p>\n<p class=\"MsoNormal\" style=\"margin: 0cm 0cm 0pt\"><span style=\"font-family: Arial\"><span style=\"font-size: small\">\u00b7 3er Turno: A partir del 2 de Marzo<\/span><\/span><\/p>\n<p class=\"MsoNormal\" style=\"margin: 0cm 0cm 0pt\"><span style=\"font-size: small;font-family: Arial\"><strong>PROCEDIMIENTO DE INSCRIPCI\u00d3N:<\/strong> Mandar un correo electr\u00f3nico a <a href=\"mailto:deportes@umh.es\">deportes@umh.es<\/a> con Asunto: Escuela de Pade, con los datos siguientes: Nombre, DNI, Tel M\u00f3vil, Grupo o grupos de preferencia. y campus al que se desea asistir. (Elche, Orihuela)<\/span><\/p>\n<p class=\"MsoNormal\" style=\"margin: 0cm 0cm 0pt\">* Se recomienda poner desde un principio todas las posibles opciones, para en caso de estar ya ocupado, tener m\u00e1s opciones.<\/p>\n<p class=\"MsoNormal\" style=\"margin: 0cm 0cm 0pt\"><span style=\"font-size: small;font-family: Arial\"><strong>Importante:<\/strong> Con la contestaci\u00f3n del correo se habilitar\u00e1 el pago para la definitiva inscripci\u00f3n. Los correos no confirmados no estar\u00e1n inscritos, aunque hubieran hecho el pago por otro medio.<\/span><\/p>\n<p class=\"MsoNormal\" style=\"margin: 0cm 0cm 0pt\">\n<p class=\"MsoNormal\" style=\"margin: 0cm 0cm 0pt\"><span style=\"font-weight: normal\"><strong>OTROS CURSOS:<\/strong><\/span><\/p>\n<p class=\"MsoNormal\" style=\"margin: 0cm 0cm 0pt\"><strong>1er TURNO<\/strong><\/p>\n<p class=\"MsoNormal\" style=\"margin: 0cm 0cm 0pt\"><a href=\"https:\/\/deportes.umh.es\/files\/2009\/11\/padel-umh-sep-2009.pdf\">GRUPOS CAMPUS DE ELCHE SEPTIEMBRE 2009<\/a><\/p>\n<p class=\"MsoNormal\" style=\"margin: 0cm 0cm 0pt\"><a href=\"https:\/\/deportes.umh.es\/files\/2009\/11\/padel-umh-nov-2009.pdf\">GRU<\/a><a href=\"https:\/\/deportes.umh.es\/files\/2009\/11\/padel-umh-nov-2009.pdf\">POS CAMPUS ORIHUELA NOVIEMBRE 2009<\/a><\/p>\n<p class=\"MsoNormal\" style=\"margin: 0cm 0cm 0pt\"><strong>2\u00ba TURNO<\/strong><\/p>\n<p><a href=\"https:\/\/deportes.umh.es\/files\/2010\/01\/padel-umh-ene-2010.pdf\">GRUPOS CAMPUS ELCHE 2\u00ba TURNO<\/a><\/p>\n<p><a href=\"https:\/\/deportes.umh.es\/files\/2010\/01\/padel-umh-ene-2010.pdf\"><\/a><a href=\"https:\/\/deportes.umh.es\/files\/2009\/12\/padel-umh-ene-2010-ori2.pdf\">GRUPOS ORIHUELA ACTUALIZADO 15 DIC<\/a><\/p>\n<p class=\"MsoNormal\" style=\"margin: 0cm 0cm 0pt\">\n<p class=\"MsoNormal\" style=\"margin: 0cm 0cm 0pt\">\n<p class=\"MsoNormal\" style=\"margin: 0cm 0cm 0pt\">\n","protected":false},"excerpt":{"rendered":"<p>INSCRIPCI\u00d3N EN CURSO<br \/>\nGRUPOS Y VACANTES<br \/>\nNo se contestar\u00e1 a correos antes de las 16h.<br \/>\nPARA EL CAMPUS DE ORIHUELA TODAVIA NO HAY GRUPOS OFERTADOS.<\/p>\n<p>CALENDARIO ESCUELA DE PADEL 2009-2010<\/p>\n<p>3 Turnos:<br \/>\n\u00b7 Septiembre- Diciembre Inicio de clases el 28 de septiembre.<br \/>\n\u00b7 Enero \u2013 Marzo: inicio de clases 11 de enero<br \/>\n\u00b7 Abril \u2013 Junio: inicio de clases 13 de abril<br \/>\nDuraci\u00f3n de [&#8230;]<\/p>\n","protected":false},"author":47,"featured_media":0,"comment_status":"closed","ping_status":"open","sticky":false,"template":"","format":"standard","meta":{"_links_to":"","_links_to_target":""},"categories":[774,507,832],"tags":[],"_links":{"self":[{"href":"https:\/\/deportes.umh.es\/ca\/wp-json\/wp\/v2\/posts\/149"}],"collection":[{"href":"https:\/\/deportes.umh.es\/ca\/wp-json\/wp\/v2\/posts"}],"about":[{"href":"https:\/\/deportes.umh.es\/ca\/wp-json\/wp\/v2\/types\/post"}],"author":[{"embeddable":true,"href":"https:\/\/deportes.umh.es\/ca\/wp-json\/wp\/v2\/users\/47"}],"replies":[{"embeddable":true,"href":"https:\/\/deportes.umh.es\/ca\/wp-json\/wp\/v2\/comments?post=149"}],"version-history":[{"count":0,"href":"https:\/\/deportes.umh.es\/ca\/wp-json\/wp\/v2\/posts\/149\/revisions"}],"wp:attachment":[{"href":"https:\/\/deportes.umh.es\/ca\/wp-json\/wp\/v2\/media?parent=149"}],"wp:term":[{"taxonomy":"category","embeddable":true,"href":"https:\/\/deportes.umh.es\/ca\/wp-json\/wp\/v2\/categories?post=149"},{"taxonomy":"post_tag","embeddable":true,"href":"https:\/\/deportes.umh.es\/ca\/wp-json\/wp\/v2\/tags?post=149"}],"curies":[{"name":"wp","href":"https:\/\/api.w.org\/{rel}","templated":true}]}}