{"id":14487,"date":"2022-12-01T13:53:41","date_gmt":"2022-12-01T12:53:41","guid":{"rendered":"https:\/\/deportes.umh.es\/?p=14487"},"modified":"2022-12-01T13:57:03","modified_gmt":"2022-12-01T12:57:03","slug":"la-umh-y-la-uv-se-enfrentan-en-la-segunda-jornada-de-la-liga-cadu","status":"publish","type":"post","link":"https:\/\/deportes.umh.es\/ca\/2022\/12\/01\/la-umh-y-la-uv-se-enfrentan-en-la-segunda-jornada-de-la-liga-cadu\/","title":{"rendered":"<span lang=\"es\">(Espa\u00f1ol) La UMH y la UV se enfrentan en la segunda jornada de la liga CADU<\/span>"},"content":{"rendered":"<p><\/p>\n<p class=\"mm8Nw _1j-51 roLFQS _1FoOD _3M0Fe Z63qyL roLFQS public-DraftStyleDefault-block-depth0 fixed-tab-size public-DraftStyleDefault-text-ltr\" style=\"text-align: justify\"><img loading=\"lazy\" class=\"alignleft\" src=\"https:\/\/static.wixstatic.com\/media\/4eacd4_e4d45e3a0c4e4ef5b2f7c0a0d3b63b2f~mv2.png\/v1\/fill\/w_474,h_264,al_c,q_85,usm_0.66_1.00_0.01,enc_auto\/4eacd4_e4d45e3a0c4e4ef5b2f7c0a0d3b63b2f~mv2.png\" alt=\"\" width=\"323\" height=\"180\" data-pin-url=\"https:\/\/www.caducv.com\/post\/la-umh-y-la-uv-se-enfrentan-en-la-segunda-jornada-de-la-liga-cadu\" data-pin-media=\"https:\/\/static.wixstatic.com\/media\/4eacd4_e4d45e3a0c4e4ef5b2f7c0a0d3b63b2f~mv2.png\/v1\/fit\/w_1000%2Ch_626%2Cal_c,enc_auto\/file.png\" data-load-done=\"\" \/><\/p>\n<div id=\"viewer-2v7tp\" class=\"_2vd5k b6lcWf\">\n<div class=\"_17-_F vsUsHN vsUsHN _3vo3y zOjvSU zOjvSU\">\n<div class=\"_2kEVY\" role=\"button\" data-hook=\"imageViewer\">\n<div id=\"new-image13\" class=\"_3WJnn _2i-Gt _2Ybje\" style=\"text-align: justify\">\n<p>El passat 29 de novembre va tenir lloc la segona jornada de CADU que va enfrontar la Universitat Miguel Hern\u00e1ndez (UMH) i la Universitat de Val\u00e8ncia.<\/p>\n<p>A la seu del Campus d&#8217;ELx de la UMH es van celebrar els partits de b\u00e0squet, futbol i futbol sala, on la UV es va imposar a tots els partits a excepci\u00f3 del futbol sala femen\u00ed, en qu\u00e8 les nostres noies no van fallar i segueixen demostrant per qu\u00e8 van estar al passat CEU, imposant-se amb un clar 6-0 a les valencianes.<\/p>\n<p>Per la seva banda, a Val\u00e8ncia es va disputar rugbi, p\u00e0del, tennis, handbol i voleibol. En els enfrontaments celebrats a la UV, la universitat valenciana es va al\u00e7ar amb la vict\u00f2ria en tots els enfrontaments, dominant aquesta jornada de lliga i mostrant-se com a seriosa candidata a optar a les finals CADU.<\/p>\n<p>La propera jornada es jugar\u00e0 el dia 15 de desembre on la Universitat Miguel Hern\u00e1ndez s&#8217;enfrontar\u00e0 a la Universitat Jaume I de Castell\u00f3. Els resultats complets, les classificacions i el calendari aix\u00ed com les fotografies es poden consultar a www.caducv.com.<\/p>\n<p>Galeria de fotos a l&#8217;apartat mitjana de la <a href=\"https:\/\/www.caducv.com\/media\">Web CADU<\/a><\/p>\n<\/div>\n<\/div>\n<\/div>\n<\/div>\n<p><\/p>","protected":false},"excerpt":{"rendered":"<p>El passat 29 de novembre va tenir lloc la segona jornada de CADU que va enfrontar la Universitat Miguel Hern\u00e1ndez (UMH) i la Universitat de Val\u00e8ncia.<br \/>\nA la seu del Campus d&#8217;ELx de la UMH es van celebrar els partits de b\u00e0squet, futbol i futbol sala, on la UV es va imposar a tots els partits [&#8230;]<\/p>\n","protected":false},"author":3216,"featured_media":0,"comment_status":"closed","ping_status":"open","sticky":false,"template":"","format":"standard","meta":{"_links_to":"","_links_to_target":""},"categories":[797],"tags":[],"_links":{"self":[{"href":"https:\/\/deportes.umh.es\/ca\/wp-json\/wp\/v2\/posts\/14487"}],"collection":[{"href":"https:\/\/deportes.umh.es\/ca\/wp-json\/wp\/v2\/posts"}],"about":[{"href":"https:\/\/deportes.umh.es\/ca\/wp-json\/wp\/v2\/types\/post"}],"author":[{"embeddable":true,"href":"https:\/\/deportes.umh.es\/ca\/wp-json\/wp\/v2\/users\/3216"}],"replies":[{"embeddable":true,"href":"https:\/\/deportes.umh.es\/ca\/wp-json\/wp\/v2\/comments?post=14487"}],"version-history":[{"count":0,"href":"https:\/\/deportes.umh.es\/ca\/wp-json\/wp\/v2\/posts\/14487\/revisions"}],"wp:attachment":[{"href":"https:\/\/deportes.umh.es\/ca\/wp-json\/wp\/v2\/media?parent=14487"}],"wp:term":[{"taxonomy":"category","embeddable":true,"href":"https:\/\/deportes.umh.es\/ca\/wp-json\/wp\/v2\/categories?post=14487"},{"taxonomy":"post_tag","embeddable":true,"href":"https:\/\/deportes.umh.es\/ca\/wp-json\/wp\/v2\/tags?post=14487"}],"curies":[{"name":"wp","href":"https:\/\/api.w.org\/{rel}","templated":true}]}}