{"id":14342,"date":"2022-10-07T14:05:05","date_gmt":"2022-10-07T12:05:05","guid":{"rendered":"https:\/\/deportes.umh.es\/?p=14342"},"modified":"2022-10-07T14:09:15","modified_gmt":"2022-10-07T12:09:15","slug":"carrera-del-25-aniversario-umh","status":"publish","type":"post","link":"https:\/\/deportes.umh.es\/ca\/2022\/10\/07\/carrera-del-25-aniversario-umh\/","title":{"rendered":"Carrera del 25 Aniversari UMH"},"content":{"rendered":"<p><\/p>\n<p style=\"text-align: left\"><a href=\"https:\/\/deportes.umh.es\/files\/2022\/10\/CARRERA-25-ANIVERSARIO_modificado-nuevo-precio.png\"><img loading=\"lazy\" class=\"size-medium wp-image-14345 alignleft\" src=\"https:\/\/deportes.umh.es\/files\/2022\/10\/CARRERA-25-ANIVERSARIO_modificado-nuevo-precio-212x300.png\" alt=\"\" width=\"212\" height=\"300\" srcset=\"https:\/\/deportes.umh.es\/files\/2022\/10\/CARRERA-25-ANIVERSARIO_modificado-nuevo-precio-212x300.png 212w, https:\/\/deportes.umh.es\/files\/2022\/10\/CARRERA-25-ANIVERSARIO_modificado-nuevo-precio-724x1024.png 724w, https:\/\/deportes.umh.es\/files\/2022\/10\/CARRERA-25-ANIVERSARIO_modificado-nuevo-precio-768x1086.png 768w, https:\/\/deportes.umh.es\/files\/2022\/10\/CARRERA-25-ANIVERSARIO_modificado-nuevo-precio-1086x1536.png 1086w, https:\/\/deportes.umh.es\/files\/2022\/10\/CARRERA-25-ANIVERSARIO_modificado-nuevo-precio-1448x2048.png 1448w\" sizes=\"(max-width: 212px) 100vw, 212px\" \/><\/a>Amb motiu de la commemoraci\u00f3 del vint-i-cinqu\u00e9 aniversari de la *UMH, diumenge que ve 16 d&#8217;octubre tindr\u00e0 lloc la Carrera del 25 aniversari de la *UMH. La carrera es desenvolupar\u00e0 en el Circuit V-*Running del campus d&#8217;Elx a partir de les 9.30 del mat\u00ed.<\/p>\n<p>Podr\u00e0s inscriure&#8217;t fins al dia 14 d&#8217;octubre a les 12.00 hores i recollir el dorsal en l&#8217;Oficina de Campus Saludables i Esports fins al dia 14 d&#8217;octubre a les 15.00 hores. El preu de la inscripci\u00f3 \u00e9s de 2.5\u20ac i menors de 14 anys, gratu\u00eft.<\/p>\n<p>Existeixen dues modalitats de participaci\u00f3, CARRERA (individual o parelles) i *CAMINANTE (individual o fam\u00edlies).<\/p>\n<p>Informaci\u00f3 i enlla\u00e7 d&#8217;inscripci\u00f3: https:\/\/cronorunner.com\/inscripcion.php?ref=620-1656<\/p>\n<p>Amb la inscripci\u00f3 et regalem una samarreta commemorativa de la carrera, a m\u00e9s, hi haur\u00e0 sorteig de regals i premis.<\/p>\n<p>No t&#8217;ho pots perdre! T&#8217;esperem!<\/p>","protected":false},"excerpt":{"rendered":"<p>Amb motiu de la commemoraci\u00f3 del vint-i-cinqu\u00e9 aniversari de la *UMH, diumenge que ve 16 d&#8217;octubre tindr\u00e0 lloc la Carrera del 25 aniversari de la *UMH. La carrera es desenvolupar\u00e0 en el Circuit V-*Running del campus d&#8217;Elx a partir de les 9.30 del mat\u00ed.<br \/>\nPodr\u00e0s inscriure&#8217;t fins al dia 14 d&#8217;octubre a les 12.00 hores i [&#8230;]<\/p>\n","protected":false},"author":2660,"featured_media":0,"comment_status":"closed","ping_status":"open","sticky":false,"template":"","format":"standard","meta":{"_links_to":"","_links_to_target":""},"categories":[1],"tags":[],"_links":{"self":[{"href":"https:\/\/deportes.umh.es\/ca\/wp-json\/wp\/v2\/posts\/14342"}],"collection":[{"href":"https:\/\/deportes.umh.es\/ca\/wp-json\/wp\/v2\/posts"}],"about":[{"href":"https:\/\/deportes.umh.es\/ca\/wp-json\/wp\/v2\/types\/post"}],"author":[{"embeddable":true,"href":"https:\/\/deportes.umh.es\/ca\/wp-json\/wp\/v2\/users\/2660"}],"replies":[{"embeddable":true,"href":"https:\/\/deportes.umh.es\/ca\/wp-json\/wp\/v2\/comments?post=14342"}],"version-history":[{"count":0,"href":"https:\/\/deportes.umh.es\/ca\/wp-json\/wp\/v2\/posts\/14342\/revisions"}],"wp:attachment":[{"href":"https:\/\/deportes.umh.es\/ca\/wp-json\/wp\/v2\/media?parent=14342"}],"wp:term":[{"taxonomy":"category","embeddable":true,"href":"https:\/\/deportes.umh.es\/ca\/wp-json\/wp\/v2\/categories?post=14342"},{"taxonomy":"post_tag","embeddable":true,"href":"https:\/\/deportes.umh.es\/ca\/wp-json\/wp\/v2\/tags?post=14342"}],"curies":[{"name":"wp","href":"https:\/\/api.w.org\/{rel}","templated":true}]}}