{"id":14176,"date":"2022-09-13T09:25:18","date_gmt":"2022-09-13T07:25:18","guid":{"rendered":"https:\/\/deportes.umh.es\/?p=14176"},"modified":"2022-09-13T09:30:15","modified_gmt":"2022-09-13T07:30:15","slug":"jornada-introduccion-de-la-pelota-valenciana-a-personas-con-diversidad-funcional","status":"publish","type":"post","link":"https:\/\/deportes.umh.es\/ca\/2022\/09\/13\/jornada-introduccion-de-la-pelota-valenciana-a-personas-con-diversidad-funcional\/","title":{"rendered":"Jornada &#8220;Introducci\u00f3 de la pilota valenciana a persones amb diversitat funcional&#8221;"},"content":{"rendered":"<p><a href=\"https:\/\/deportes.umh.es\/files\/2022\/09\/INTRODUCCIO-DE-LA-PILOTA-A-PERSONES-AMB-DIVERSITAT-FUNCIONAL-definitiu.jpg\"><img loading=\"lazy\" class=\"alignleft size-medium wp-image-14179\" src=\"https:\/\/deportes.umh.es\/files\/2022\/09\/INTRODUCCIO-DE-LA-PILOTA-A-PERSONES-AMB-DIVERSITAT-FUNCIONAL-definitiu-300x300.jpg\" alt=\"\" width=\"300\" height=\"300\" srcset=\"https:\/\/deportes.umh.es\/files\/2022\/09\/INTRODUCCIO-DE-LA-PILOTA-A-PERSONES-AMB-DIVERSITAT-FUNCIONAL-definitiu-300x300.jpg 300w, https:\/\/deportes.umh.es\/files\/2022\/09\/INTRODUCCIO-DE-LA-PILOTA-A-PERSONES-AMB-DIVERSITAT-FUNCIONAL-definitiu-1024x1024.jpg 1024w, https:\/\/deportes.umh.es\/files\/2022\/09\/INTRODUCCIO-DE-LA-PILOTA-A-PERSONES-AMB-DIVERSITAT-FUNCIONAL-definitiu-150x150.jpg 150w, https:\/\/deportes.umh.es\/files\/2022\/09\/INTRODUCCIO-DE-LA-PILOTA-A-PERSONES-AMB-DIVERSITAT-FUNCIONAL-definitiu-768x768.jpg 768w, https:\/\/deportes.umh.es\/files\/2022\/09\/INTRODUCCIO-DE-LA-PILOTA-A-PERSONES-AMB-DIVERSITAT-FUNCIONAL-definitiu.jpg 1080w\" sizes=\"(max-width: 300px) 100vw, 300px\" \/><\/a>Els pr\u00f2xims dies\u00a0\u00a0<strong>22 i 23 de setembre<\/strong> de 2022\u00a0se celebrar\u00e0 la jornada: \u201c<strong>Introducci\u00f3 de la pilota valenciana a persones amb diversitat funcional<\/strong>\u201d.\u00a0Aquesta jornada est\u00e0 emmarcada dins del Programa de Formaci\u00f3 Permanent 2022 de l&#8217;Escola de l&#8217;Esport de la Generalitat.<\/p>\n<p>Des de l&#8217;Oficina de Campus Saludables i Esports us animem a participar. La Secci\u00f3 d&#8217;Activitat F\u00edsica i Esport ha fet un gran esfor\u00e7 perqu\u00e8 aquesta jornada puga dur-se a terme i siga d&#8217;inter\u00e9s per a tot el personal del m\u00f3n de l&#8217;esport.<\/p>\n<p><strong>Data de celebraci\u00f3:<\/strong> 22 i 23 de setembre de 2022 de 09.00 a 14.00 hores.<\/p>\n<p><strong>Import de la taxa:\u00a0<\/strong>Gratu\u00efta<\/p>\n<p><strong>Nombre de places:<\/strong> 45<\/p>\n<p>&nbsp;<\/p>\n<p>&nbsp;<\/p>\n<p><strong>Professorat:<\/strong><\/p>\n<p><strong>Jos\u00e9 Antonio Carbonell Mart\u00ednez<\/strong>\u00a0&#8211; **Professor de pilota valenciana &#8211; Universitat d&#8217;Alacant.<br \/>\n<strong>Miquel \u00c0ngel. Ivars Esp\u00ed<\/strong> &#8211; Director del Centre d&#8217;Educaci\u00f3 Especial Raquel Pay\u00e0 de D\u00e9nia.<br \/>\n<strong>Zacar\u00edas Abi\u00e9tar Garc\u00eda<\/strong> &#8211; Psic\u00f2leg del CRIS-CdD Acova i jugador del CPV Quart de Poblet.<br \/>\n<strong>David Soler i Escorcia<\/strong> &#8211; Coordinador comarcal de centres ocupacionals de la Costa i professor associat de pilota valenciana &#8211; Universitat de Val\u00e8ncia.<br \/>\n<strong>Miquel \u00c0ngel Pans Sancho<\/strong> &#8211; Doctor en Ci\u00e8ncies de l&#8217;Activitat F\u00edsica i l&#8217;Esport, en l&#8217;especialitat de **AF i diversitat funcional.<br \/>\n<strong>Ricard Sentandreu Sebastian<\/strong> &#8211; Pilotari i professor de pilota valenciana i jocs tradicionals &#8211; Universitat de Val\u00e8ncia.<br \/>\n<strong>Josep Ferrer Cort\u00e9s<\/strong>.\u00a0Llicenciat en Ci\u00e8ncies de l&#8217;Activitat F\u00edsica i l&#8217;Esport. Especialista en readaptaci\u00f3 de lesions i rendiment.<\/p>\n<p><strong>Programa dia 22 de setembre:<\/strong><\/p>\n<p>9.00 h.: Recollida de material i inauguraci\u00f3 de la jornada.<br \/>\n9.10 a 11.15 h.: &#8220;Breu introducci\u00f3 sociol\u00f2gica, contacte amb el m\u00f2bil i jocs d&#8217;iniciaci\u00f3: **nyago i colps&#8221; &#8211; Jos\u00e9 A. Carbonell Mart\u00ednez.<br \/>\n11.15 a 11.45 h.: Pausa.<br \/>\n11.45 a 14.00 h.: &#8220;Experi\u00e8ncies de treball amb persones amb malalties mentals&#8221;\u00a0 **Zacar\u00edas **Abi\u00e9tar Garc\u00eda.<\/p>\n<p><strong>\u00a0Programa dia 23 de setembre:<\/strong><\/p>\n<p>9.00 a 10.15 h.: &#8220;Pilota i diversitat funcional&#8221; &#8211;\u00a0Miquel Ivars Esp\u00ed.<br \/>\n10.15 a 10.45 h.: Pausa.<br \/>\n10.45 a 12.00 h.: &#8220;Experi\u00e8ncies de treball amb diversitat funcional&#8221;-\u00a0Miquel \u00c0ngel **Pans Sancho i Ricard **Sentandreu Sebastian.<br \/>\n12.00 a 14.00 h.: &#8220;*Experi\u00e8ncia pr\u00e0ctica de pilota valenciana amb persones amb diversitat funcional intel\u00b7lectual&#8221; &#8211;\u00a0David Soler i Escorcia.<\/p>\n<p><strong>Lloc de celebraci\u00f3<\/strong>: Ciutat Esportiva Camilo Cano &#8211; La Nucia (Alacant)<\/p>\n<p><a href=\"https:\/\/goo.gl\/maps\/ERBMxNb4WzND5RpD8\">https:\/\/goo.gl\/maps\/erbmxnb4wznd5rpd8<\/a><\/p>\n<p><strong>Termini presentaci\u00f3 sol\u00b7licituds:<\/strong>\u00a0de l&#8217;1 al 21 de setembre de 2022 tots dos **inclusivam<\/p>\n<p><a href=\"https:\/\/eur03.safelinks.protection.outlook.com\/?url=http%3A%2F%2Fformaciondeportiva.gva.es%2Fva%2Fformulario-de-inscripcion-on-line&amp;data=05%7C01%7Clazaro_conqui%40gva.es%7C6e18e7af02ad42aa274208da924d39bd%7C26c4f2b0d79c48d89b6c60524a48f128%7C0%7C0%7C637983157660806531%7CUnknown%7CTWFpbGZsb3d8eyJWIjoiMC4wLjAwMDAiLCJQIjoiV2luMzIiLCJBTiI6Ik1haWwiLCJXVCI6Mn0%3D%7C3000%7C%7C%7C&amp;sdata=9kNd8E75v9WpkwjA7JgHN4MmkSRDHgMXfLLDpWT945s%3D&amp;reserved=0\">INSCRIPCI\u00d3\u00a0\u00a0en l\u00ednia<\/a><\/p>\n<p><strong>Destinataris:<\/strong><\/p>\n<p>Professorat d&#8217;Educaci\u00f3 F\u00edsica en actiu.<br \/>\nGraduats\/Llicenciats en Ci\u00e8ncies de l&#8217;Activitat F\u00edsica i l&#8217;Esport.<br \/>\nDiplomats o diplomades en Magisteri.<br \/>\nMonitors i monitores de pilota valenciana en escoles municipals i clubs.<br \/>\nTitulats en T\u00e8cnic Superior en Ensenyament i Animaci\u00f3 Socioesportiva.<br \/>\nPersones vinculades a l&#8217;\u00e0mbit de l&#8217;esport en general.<\/p>\n<p><strong>Direcci\u00f3 acad\u00e8mica:<\/strong><\/p>\n<p>Secci\u00f3 d&#8217;Activitat F\u00edsica i Esport d&#8217;Alacant<\/p>\n<p><strong>Col\u00b7laboraci\u00f3:<\/strong><\/p>\n<p>Ajuntament de la Nucia<\/p>","protected":false},"excerpt":{"rendered":"<p>Els pr\u00f2xims dies\u00a0\u00a022 i 23 de setembre de 2022\u00a0se celebrar\u00e0 la jornada: \u201cIntroducci\u00f3 de la pilota valenciana a persones amb diversitat funcional\u201d.\u00a0Aquesta jornada est\u00e0 emmarcada dins del Programa de Formaci\u00f3 Permanent 2022 de l&#8217;Escola de l&#8217;Esport de la Generalitat.<br \/>\nDes de l&#8217;Oficina de Campus Saludables i Esports us animem a participar. La Secci\u00f3 d&#8217;Activitat F\u00edsica i [&#8230;]<\/p>\n","protected":false},"author":3216,"featured_media":0,"comment_status":"closed","ping_status":"open","sticky":false,"template":"","format":"standard","meta":{"_links_to":"","_links_to_target":""},"categories":[833],"tags":[],"_links":{"self":[{"href":"https:\/\/deportes.umh.es\/ca\/wp-json\/wp\/v2\/posts\/14176"}],"collection":[{"href":"https:\/\/deportes.umh.es\/ca\/wp-json\/wp\/v2\/posts"}],"about":[{"href":"https:\/\/deportes.umh.es\/ca\/wp-json\/wp\/v2\/types\/post"}],"author":[{"embeddable":true,"href":"https:\/\/deportes.umh.es\/ca\/wp-json\/wp\/v2\/users\/3216"}],"replies":[{"embeddable":true,"href":"https:\/\/deportes.umh.es\/ca\/wp-json\/wp\/v2\/comments?post=14176"}],"version-history":[{"count":0,"href":"https:\/\/deportes.umh.es\/ca\/wp-json\/wp\/v2\/posts\/14176\/revisions"}],"wp:attachment":[{"href":"https:\/\/deportes.umh.es\/ca\/wp-json\/wp\/v2\/media?parent=14176"}],"wp:term":[{"taxonomy":"category","embeddable":true,"href":"https:\/\/deportes.umh.es\/ca\/wp-json\/wp\/v2\/categories?post=14176"},{"taxonomy":"post_tag","embeddable":true,"href":"https:\/\/deportes.umh.es\/ca\/wp-json\/wp\/v2\/tags?post=14176"}],"curies":[{"name":"wp","href":"https:\/\/api.w.org\/{rel}","templated":true}]}}