{"id":14063,"date":"2022-07-08T13:53:12","date_gmt":"2022-07-08T11:53:12","guid":{"rendered":"https:\/\/deportes.umh.es\/?p=14063"},"modified":"2022-09-06T11:27:26","modified_gmt":"2022-09-06T09:27:26","slug":"quieres-hacer-practicas-en-la-oficina-de-deportes-umh","status":"publish","type":"post","link":"https:\/\/deportes.umh.es\/ca\/2022\/07\/08\/quieres-hacer-practicas-en-la-oficina-de-deportes-umh\/","title":{"rendered":"<span lang=\"es\">(Espa\u00f1ol) \u00bfQuieres hacer pr\u00e1cticas en la Oficina de Deportes UMH?<\/span>"},"content":{"rendered":"<p><img loading=\"lazy\" class=\"alignleft size-medium wp-image-14066\" src=\"https:\/\/deportes.umh.es\/files\/2022\/07\/Post-Trabaja-con-nosotros-300x300.png\" alt=\"\" width=\"300\" height=\"300\" srcset=\"https:\/\/deportes.umh.es\/files\/2022\/07\/Post-Trabaja-con-nosotros-300x300.png 300w, https:\/\/deportes.umh.es\/files\/2022\/07\/Post-Trabaja-con-nosotros-1024x1024.png 1024w, https:\/\/deportes.umh.es\/files\/2022\/07\/Post-Trabaja-con-nosotros-150x150.png 150w, https:\/\/deportes.umh.es\/files\/2022\/07\/Post-Trabaja-con-nosotros-768x768.png 768w, https:\/\/deportes.umh.es\/files\/2022\/07\/Post-Trabaja-con-nosotros.png 1200w\" sizes=\"(max-width: 300px) 100vw, 300px\" \/>Vols fer pr\u00e0ctiques a l&#8217;Oficina d&#8217;Esports UMH? S&#8217;ofereixen pr\u00e0ctiques al Programa de Musculaci\u00f3 i Cardio (PMC), a la Sala de Musculaci\u00f3, a les Activitats Dirigides (AADD), a les Jornades de Promoci\u00f3 d&#8217;Activitats, en Comunicaci\u00f3 i gesti\u00f3 de contingut multim\u00e8dia i en Gesti\u00f3 i promoci\u00f3 de salut i pr\u00e0ctica de l&#8217;activitat f\u00edsica.<\/p>\n<p>Et pots inscriure a trav\u00e9s de la <a href=\"https:\/\/docs.google.com\/forms\/d\/e\/1FAIpQLSepFYiCSDzCx_pWnPZ7SjzqM1lYdgPtjhc_cMxZfoWitmSQDg\/viewform\">borsa de pr\u00e0ctiques<\/a>. A m\u00e9s, s&#8217;ha creat un canal de Telegram, on s&#8217;aniran actualitzant les ofertes, us podeu unir mitjan\u00e7ant <a href=\"https:\/\/t.me\/practicasocsd\">l&#8217;enlla\u00e7 d&#8217;acc\u00e9s al canal<\/a>.<\/p>\n<p>Si sou seleccionats, podeu consultar la documentaci\u00f3 necess\u00e0ria per tramitar la pr\u00e0ctica a l&#8217;apartat de <a href=\"https:\/\/deportes.umh.es\/formacion\/realiza-practicas-con-nosotros\/\">pr\u00e0ctiques de l&#8217;oficina d&#8217;esports<\/a>.<\/p>","protected":false},"excerpt":{"rendered":"<p>Vols fer pr\u00e0ctiques a l&#8217;Oficina d&#8217;Esports UMH? S&#8217;ofereixen pr\u00e0ctiques al Programa de Musculaci\u00f3 i Cardio (PMC), a la Sala de Musculaci\u00f3, a les Activitats Dirigides (AADD), a les Jornades de Promoci\u00f3 d&#8217;Activitats, en Comunicaci\u00f3 i gesti\u00f3 de contingut multim\u00e8dia i en Gesti\u00f3 i promoci\u00f3 de salut i pr\u00e0ctica de l&#8217;activitat f\u00edsica.<br \/>\nEt pots inscriure a trav\u00e9s [&#8230;]<\/p>\n","protected":false},"author":3216,"featured_media":0,"comment_status":"closed","ping_status":"open","sticky":false,"template":"","format":"standard","meta":{"_links_to":"","_links_to_target":""},"categories":[14,164,55193],"tags":[],"_links":{"self":[{"href":"https:\/\/deportes.umh.es\/ca\/wp-json\/wp\/v2\/posts\/14063"}],"collection":[{"href":"https:\/\/deportes.umh.es\/ca\/wp-json\/wp\/v2\/posts"}],"about":[{"href":"https:\/\/deportes.umh.es\/ca\/wp-json\/wp\/v2\/types\/post"}],"author":[{"embeddable":true,"href":"https:\/\/deportes.umh.es\/ca\/wp-json\/wp\/v2\/users\/3216"}],"replies":[{"embeddable":true,"href":"https:\/\/deportes.umh.es\/ca\/wp-json\/wp\/v2\/comments?post=14063"}],"version-history":[{"count":0,"href":"https:\/\/deportes.umh.es\/ca\/wp-json\/wp\/v2\/posts\/14063\/revisions"}],"wp:attachment":[{"href":"https:\/\/deportes.umh.es\/ca\/wp-json\/wp\/v2\/media?parent=14063"}],"wp:term":[{"taxonomy":"category","embeddable":true,"href":"https:\/\/deportes.umh.es\/ca\/wp-json\/wp\/v2\/categories?post=14063"},{"taxonomy":"post_tag","embeddable":true,"href":"https:\/\/deportes.umh.es\/ca\/wp-json\/wp\/v2\/tags?post=14063"}],"curies":[{"name":"wp","href":"https:\/\/api.w.org\/{rel}","templated":true}]}}