{"id":1316,"date":"2011-06-22T12:34:32","date_gmt":"2011-06-22T10:34:32","guid":{"rendered":"http:\/\/deportes.zeus.umh.es\/?p=1316"},"modified":"2011-06-22T12:34:32","modified_gmt":"2011-06-22T10:34:32","slug":"juanfran-torres-jugador-del-atletico-de-madrid-celebrara-un-campus-destinado-a-ninos-con-edades-comprendidas-entre-los-9-y-15-anos-del-27-de-junio-al-1-de-julio-en-las-instalaciones-deportivas-de-la","status":"publish","type":"post","link":"https:\/\/deportes.umh.es\/ca\/2011\/06\/22\/juanfran-torres-jugador-del-atletico-de-madrid-celebrara-un-campus-destinado-a-ninos-con-edades-comprendidas-entre-los-9-y-15-anos-del-27-de-junio-al-1-de-julio-en-las-instalaciones-deportivas-de-la\/","title":{"rendered":"Juanfran Torres, jugador del Atl\u00e9tico de Madrid, celebrar\u00e1 un campus destinado a ni\u00f1os con edades comprendidas entre los 9 y 15 a\u00f1os del 27 de junio al 1 de julio en las instalaciones deportivas de la Universidad Miguel Hern\u00e1ndez  y el Ayuntamiento de Elche."},"content":{"rendered":"<p>\u201cCampus Juanfran Torres\u201d de f\u00fatbol nace con la pretensi\u00f3n de distinguirse sobre otras actividades similares, a trav\u00e9s de la calidad personalizada y la atenci\u00f3n a todos los participantes.<\/p>\n<p>La finalidad de este campus es la de ofrecer a los m\u00e1s j\u00f3venes una actividad donde puedan desarrollarse\u00a0 tanto f\u00edsica,\u00a0 ps\u00edquica, t\u00e9cnico-t\u00e1cticamente a trav\u00e9s de los valores que conlleva el deporte, englob\u00e1ndolos en el f\u00fatbol.<\/p>\n<p><a href=\"http:\/\/www.deporteregional.com\/noticia,56,188,7048,,campus-juanfran-torres-de-futbol-en-elche-alicante-del-27-junio-a-1.html\">M\u00e1s informaci\u00f3n sobre el Campus pinchando aqu\u00ed.<\/a><\/p>\n","protected":false},"excerpt":{"rendered":"<p>\u201cCampus Juanfran Torres\u201d de f\u00fatbol nace con la pretensi\u00f3n de distinguirse sobre otras actividades similares, a trav\u00e9s de la calidad personalizada y la atenci\u00f3n a todos los participantes.<br \/>\nLa finalidad de este campus es la de ofrecer a los m\u00e1s j\u00f3venes una actividad donde puedan desarrollarse\u00a0 tanto f\u00edsica,\u00a0 ps\u00edquica, t\u00e9cnico-t\u00e1cticamente a trav\u00e9s de los valores que [&#8230;]<\/p>\n","protected":false},"author":47,"featured_media":0,"comment_status":"closed","ping_status":"open","sticky":false,"template":"","format":"standard","meta":{"_links_to":"","_links_to_target":""},"categories":[774,69,818,507],"tags":[],"_links":{"self":[{"href":"https:\/\/deportes.umh.es\/ca\/wp-json\/wp\/v2\/posts\/1316"}],"collection":[{"href":"https:\/\/deportes.umh.es\/ca\/wp-json\/wp\/v2\/posts"}],"about":[{"href":"https:\/\/deportes.umh.es\/ca\/wp-json\/wp\/v2\/types\/post"}],"author":[{"embeddable":true,"href":"https:\/\/deportes.umh.es\/ca\/wp-json\/wp\/v2\/users\/47"}],"replies":[{"embeddable":true,"href":"https:\/\/deportes.umh.es\/ca\/wp-json\/wp\/v2\/comments?post=1316"}],"version-history":[{"count":0,"href":"https:\/\/deportes.umh.es\/ca\/wp-json\/wp\/v2\/posts\/1316\/revisions"}],"wp:attachment":[{"href":"https:\/\/deportes.umh.es\/ca\/wp-json\/wp\/v2\/media?parent=1316"}],"wp:term":[{"taxonomy":"category","embeddable":true,"href":"https:\/\/deportes.umh.es\/ca\/wp-json\/wp\/v2\/categories?post=1316"},{"taxonomy":"post_tag","embeddable":true,"href":"https:\/\/deportes.umh.es\/ca\/wp-json\/wp\/v2\/tags?post=1316"}],"curies":[{"name":"wp","href":"https:\/\/api.w.org\/{rel}","templated":true}]}}