{"id":1312,"date":"2011-06-13T09:54:53","date_gmt":"2011-06-13T07:54:53","guid":{"rendered":"http:\/\/deportes.zeus.umh.es\/?p=1312"},"modified":"2011-06-13T09:54:53","modified_gmt":"2011-06-13T07:54:53","slug":"memoria-y-resultados-del-ceu-de-escalada","status":"publish","type":"post","link":"https:\/\/deportes.umh.es\/ca\/2011\/06\/13\/memoria-y-resultados-del-ceu-de-escalada\/","title":{"rendered":"Memoria y Resultados del CEU de Escalada"},"content":{"rendered":"<p><a href=\"https:\/\/deportes.umh.es\/files\/2011\/06\/memoria_ceu_escalada_2011_upv.pdf\">Pincha aqu\u00ed para ver la memoria del campeonato, con fotos, resultados y clasificaciones finales. La UMH particip\u00f3 en la competici\u00f3n que se celebr\u00f3 en la UPV de Valencia\u00a0con dos escaladores.<\/a><\/p>\n","protected":false},"excerpt":{"rendered":"<p>Pincha aqu\u00ed para ver la memoria del campeonato, con fotos, resultados y clasificaciones finales. La UMH particip\u00f3 en la competici\u00f3n que se celebr\u00f3 en la UPV de Valencia\u00a0con dos escaladores.<\/p>\n","protected":false},"author":47,"featured_media":0,"comment_status":"closed","ping_status":"open","sticky":false,"template":"","format":"standard","meta":{"_links_to":"","_links_to_target":""},"categories":[802,776,812,778,507,793],"tags":[],"_links":{"self":[{"href":"https:\/\/deportes.umh.es\/ca\/wp-json\/wp\/v2\/posts\/1312"}],"collection":[{"href":"https:\/\/deportes.umh.es\/ca\/wp-json\/wp\/v2\/posts"}],"about":[{"href":"https:\/\/deportes.umh.es\/ca\/wp-json\/wp\/v2\/types\/post"}],"author":[{"embeddable":true,"href":"https:\/\/deportes.umh.es\/ca\/wp-json\/wp\/v2\/users\/47"}],"replies":[{"embeddable":true,"href":"https:\/\/deportes.umh.es\/ca\/wp-json\/wp\/v2\/comments?post=1312"}],"version-history":[{"count":0,"href":"https:\/\/deportes.umh.es\/ca\/wp-json\/wp\/v2\/posts\/1312\/revisions"}],"wp:attachment":[{"href":"https:\/\/deportes.umh.es\/ca\/wp-json\/wp\/v2\/media?parent=1312"}],"wp:term":[{"taxonomy":"category","embeddable":true,"href":"https:\/\/deportes.umh.es\/ca\/wp-json\/wp\/v2\/categories?post=1312"},{"taxonomy":"post_tag","embeddable":true,"href":"https:\/\/deportes.umh.es\/ca\/wp-json\/wp\/v2\/tags?post=1312"}],"curies":[{"name":"wp","href":"https:\/\/api.w.org\/{rel}","templated":true}]}}