{"id":12745,"date":"2022-02-07T15:03:34","date_gmt":"2022-02-07T14:03:34","guid":{"rendered":"https:\/\/deportes.umh.es\/?p=12745"},"modified":"2022-02-07T15:03:34","modified_gmt":"2022-02-07T14:03:34","slug":"buena-actuacion-de-la-umh-en-el-cadu-de-campo-a-traves","status":"publish","type":"post","link":"https:\/\/deportes.umh.es\/ca\/2022\/02\/07\/buena-actuacion-de-la-umh-en-el-cadu-de-campo-a-traves\/","title":{"rendered":"Bona actuaci\u00f3 de la UMH al CADU de Camp a Trav\u00e9s"},"content":{"rendered":"<p><img loading=\"lazy\" class=\"size-thumbnail wp-image-12748 alignleft\" src=\"https:\/\/deportes.umh.es\/files\/2022\/02\/51860897515_651f6fa0a5_c-150x150.jpg\" alt=\"\" width=\"150\" height=\"150\" \/>El passat dijous 3 de febrer, es van congregar m\u00e9s de 100 atletes, entre dones i homes, al Campionat Auton\u00f2mic d&#8217;esport Universitari de Camp a trav\u00e9s que va organitzar la Universitat Jaume I al seu Campus universitari. La jornada es va desenvolupar en un nivell competitiu magn\u00edfic, a m\u00e9s d&#8217;estar acompanyat d&#8217;unes condicions meteorol\u00f2giques ideals per a la pr\u00e0ctica esportiva. La UMH va estar representada per 12 esportistes.<\/p>\n<p>Es van disputar dues proves, a les 11.30 hores la cursa femenina, amb un recorregut de 6 quil\u00f2metres ia les 12.15 hores la cursa masculina amb un recorregut de 8 quil\u00f2metres. Les proves van comptar exclusivament amb participaci\u00f3 d\u201fesportistes universitaris, no va estar permesa la participaci\u00f3 federada a conseq\u00fc\u00e8ncia de la situaci\u00f3 sanit\u00e0ria actual.<\/p>\n<p>En categoria femenina destacar el nov\u00e8 lloc de Paula Liz\u00f3n amb un gran temps de 22:47, i en categoria masculina tamb\u00e9 es va fer amb gran paper amb 3 esportistes entre els 15 primers corredors: Esteban Ortu\u00f3 (9\u00e8), Iv\u00e1n Andreas (12\u00e8) i Francisco Rosell\u00f3 (13\u00e8).<\/p>\n<p>Felicitar-los pel gran treball realitzat i estem segurs que donaran guerra al CEU.<\/p>","protected":false},"excerpt":{"rendered":"<p>El passat dijous 3 de febrer, es van congregar m\u00e9s de 100 atletes, entre dones i homes, al Campionat Auton\u00f2mic d&#8217;esport Universitari de Camp a trav\u00e9s que va organitzar la Universitat Jaume I al seu Campus universitari. La jornada es va desenvolupar en un nivell competitiu magn\u00edfic, a m\u00e9s d&#8217;estar acompanyat d&#8217;unes condicions meteorol\u00f2giques ideals [&#8230;]<\/p>\n","protected":false},"author":3216,"featured_media":0,"comment_status":"closed","ping_status":"open","sticky":false,"template":"","format":"standard","meta":{"_links_to":"","_links_to_target":""},"categories":[797,870],"tags":[],"_links":{"self":[{"href":"https:\/\/deportes.umh.es\/ca\/wp-json\/wp\/v2\/posts\/12745"}],"collection":[{"href":"https:\/\/deportes.umh.es\/ca\/wp-json\/wp\/v2\/posts"}],"about":[{"href":"https:\/\/deportes.umh.es\/ca\/wp-json\/wp\/v2\/types\/post"}],"author":[{"embeddable":true,"href":"https:\/\/deportes.umh.es\/ca\/wp-json\/wp\/v2\/users\/3216"}],"replies":[{"embeddable":true,"href":"https:\/\/deportes.umh.es\/ca\/wp-json\/wp\/v2\/comments?post=12745"}],"version-history":[{"count":0,"href":"https:\/\/deportes.umh.es\/ca\/wp-json\/wp\/v2\/posts\/12745\/revisions"}],"wp:attachment":[{"href":"https:\/\/deportes.umh.es\/ca\/wp-json\/wp\/v2\/media?parent=12745"}],"wp:term":[{"taxonomy":"category","embeddable":true,"href":"https:\/\/deportes.umh.es\/ca\/wp-json\/wp\/v2\/categories?post=12745"},{"taxonomy":"post_tag","embeddable":true,"href":"https:\/\/deportes.umh.es\/ca\/wp-json\/wp\/v2\/tags?post=12745"}],"curies":[{"name":"wp","href":"https:\/\/api.w.org\/{rel}","templated":true}]}}