{"id":1268,"date":"2011-05-20T08:37:27","date_gmt":"2011-05-20T06:37:27","guid":{"rendered":"http:\/\/deportes.zeus.umh.es\/2011\/05\/20\/exito-de-publico-en-el-stand-de-la-umh-en-el-recinto-ferial-de-ifa\/"},"modified":"2011-05-20T08:37:27","modified_gmt":"2011-05-20T06:37:27","slug":"exito-de-publico-en-el-stand-de-la-umh-en-el-recinto-ferial-de-ifa","status":"publish","type":"post","link":"https:\/\/deportes.umh.es\/ca\/2011\/05\/20\/exito-de-publico-en-el-stand-de-la-umh-en-el-recinto-ferial-de-ifa\/","title":{"rendered":"\u00c9xito de p\u00fablico en el stand de la UMH en el recinto ferial de IFA"},"content":{"rendered":"<p>Ayer se inaugur\u00f3 la feria EDUCAEMPLEA en el recinto ferial alicantino. La Unidad de Gesti\u00f3n Deportiva particip\u00f3 este a\u00f1o por primera vez, cuatro voluntarios se encargaron de distribuir regalos en sorteos, informar sobre las actividades deportivas de la UMH, as\u00ed como mostrar nuestros \u00faltimos logros deportivos.<\/p>\n<p>Educaemplea es un lugar de encuentro entre entidades relacionadas con la formaci\u00f3n y el empleo y aquellas personas que deseen emprender una formaci\u00f3n, como paso imprescindible para un empleo de calidad, acercando al p\u00fablico toda la oferta educativa y servir de punto de encuentro entre <img src=\"https:\/\/deportes.umh.es\/files\/2011\/05\/052011-0637-xitodepblic1.jpg\" alt=\"\" align=\"right\" \/>demandantes y oferentes de empleo. Este espacio de encuentro se dirige a profesionales de la docencia, estudiantes, padres, empresarios, interesados, por una parte, en la formaci\u00f3n de sus empleados y por otra en reclutar profesionales; y personas en busca de trabajo, as\u00ed como a todas aquellas entidades que trabajan en temas de formaci\u00f3n y empleo.<\/p>\n<p>Actualmente, en la UMH, dentro de sus actividades deportivas, hay m\u00e1s de 60 estudiantes en pr\u00e1cticas, bien como monitores, bien como entrenadores, o incluso como coordinadores, lo que implica que la Miguel Hern\u00e1ndez, en el \u00e1mbito deportivo, se preocupa por la integraci\u00f3n laboral de sus estudiantes antes de que terminen la carrera, facilitando as\u00ed su inserci\u00f3n en el mercado de trabajo.<\/p>\n<p>En Educaemplea participan\u00a0 siete universidades: Universidad Cat\u00f3lica San Antonio, Universidad CEU cardenal Herrera, Universidad Miguel Hern\u00e1ndez de Elche, Universidad de Alicante, Universidad Jaume I de Castell\u00f3n, Universidad Polit\u00e9cnica de Cartagena y Universidad Polit\u00e9cnica de Valencia.<\/p>\n","protected":false},"excerpt":{"rendered":"<p>Ayer se inaugur\u00f3 la feria EDUCAEMPLEA en el recinto ferial alicantino. La Unidad de Gesti\u00f3n Deportiva particip\u00f3 este a\u00f1o por primera vez, cuatro voluntarios se encargaron de distribuir regalos en sorteos, informar sobre las actividades deportivas de la UMH, as\u00ed como mostrar nuestros \u00faltimos logros deportivos.<br \/>\nEducaemplea es un lugar de encuentro entre entidades relacionadas con [&#8230;]<\/p>\n","protected":false},"author":47,"featured_media":0,"comment_status":"closed","ping_status":"open","sticky":false,"template":"","format":"standard","meta":{"_links_to":"","_links_to_target":""},"categories":[774,69,164,778,507,789],"tags":[],"_links":{"self":[{"href":"https:\/\/deportes.umh.es\/ca\/wp-json\/wp\/v2\/posts\/1268"}],"collection":[{"href":"https:\/\/deportes.umh.es\/ca\/wp-json\/wp\/v2\/posts"}],"about":[{"href":"https:\/\/deportes.umh.es\/ca\/wp-json\/wp\/v2\/types\/post"}],"author":[{"embeddable":true,"href":"https:\/\/deportes.umh.es\/ca\/wp-json\/wp\/v2\/users\/47"}],"replies":[{"embeddable":true,"href":"https:\/\/deportes.umh.es\/ca\/wp-json\/wp\/v2\/comments?post=1268"}],"version-history":[{"count":0,"href":"https:\/\/deportes.umh.es\/ca\/wp-json\/wp\/v2\/posts\/1268\/revisions"}],"wp:attachment":[{"href":"https:\/\/deportes.umh.es\/ca\/wp-json\/wp\/v2\/media?parent=1268"}],"wp:term":[{"taxonomy":"category","embeddable":true,"href":"https:\/\/deportes.umh.es\/ca\/wp-json\/wp\/v2\/categories?post=1268"},{"taxonomy":"post_tag","embeddable":true,"href":"https:\/\/deportes.umh.es\/ca\/wp-json\/wp\/v2\/tags?post=1268"}],"curies":[{"name":"wp","href":"https:\/\/api.w.org\/{rel}","templated":true}]}}