{"id":12142,"date":"2021-09-21T11:39:09","date_gmt":"2021-09-21T09:39:09","guid":{"rendered":"https:\/\/deportes.umh.es\/?p=12142"},"modified":"2021-10-07T10:04:57","modified_gmt":"2021-10-07T08:04:57","slug":"todo-preparado-para-el-ceu-de-esgrima-2021","status":"publish","type":"post","link":"https:\/\/deportes.umh.es\/ca\/2021\/09\/21\/todo-preparado-para-el-ceu-de-esgrima-2021\/","title":{"rendered":"Tot preparat per al CEU d&#8217;esgrima 2021"},"content":{"rendered":"<p>Aquest cap de setmana es disputa el Campionat d&#8217;Espanya Universitari d&#8217;Esgrima a la Universitat Polit\u00e8cnica de Madrid. La Universitat Miguel Hern\u00e1ndez estar\u00e0 representada per Francisco Javier Jim\u00e9nez (guanyador CADU 19-20), Jorge Borrell (campi\u00f3 CADU 18-19) i Ra\u00fal Leonte.<\/p>\n<p>Els tres competiran en la categoria d&#8217;espasa, que es disputar\u00e0 el dissabte 25 de setembre a partir de les 10:00 h al Poliesportiu Campus Sud.<\/p>\n<p>La competici\u00f3 es realitzar\u00e0 sota el reglament d&#8217;esgrima CEU 2021.<\/p>\n<p><img loading=\"lazy\" class=\"aligncenter size-full wp-image-12145\" src=\"https:\/\/deportes.umh.es\/files\/2021\/09\/esgrima-foto.png\" alt=\"\" width=\"720\" height=\"400\" srcset=\"https:\/\/deportes.umh.es\/files\/2021\/09\/esgrima-foto.png 720w, https:\/\/deportes.umh.es\/files\/2021\/09\/esgrima-foto-300x167.png 300w\" sizes=\"(max-width: 720px) 100vw, 720px\" \/><\/p>","protected":false},"excerpt":{"rendered":"<p>Aquest cap de setmana es disputa el Campionat d&#8217;Espanya Universitari d&#8217;Esgrima a la Universitat Polit\u00e8cnica de Madrid. La Universitat Miguel Hern\u00e1ndez estar\u00e0 representada per Francisco Javier Jim\u00e9nez (guanyador CADU 19-20), Jorge Borrell (campi\u00f3 CADU 18-19) i Ra\u00fal Leonte.<br \/>\nEls tres competiran en la categoria d&#8217;espasa, que es disputar\u00e0 el dissabte 25 de setembre a partir de [&#8230;]<\/p>\n","protected":false},"author":3216,"featured_media":0,"comment_status":"closed","ping_status":"open","sticky":false,"template":"","format":"standard","meta":{"_links_to":"","_links_to_target":""},"categories":[1],"tags":[],"_links":{"self":[{"href":"https:\/\/deportes.umh.es\/ca\/wp-json\/wp\/v2\/posts\/12142"}],"collection":[{"href":"https:\/\/deportes.umh.es\/ca\/wp-json\/wp\/v2\/posts"}],"about":[{"href":"https:\/\/deportes.umh.es\/ca\/wp-json\/wp\/v2\/types\/post"}],"author":[{"embeddable":true,"href":"https:\/\/deportes.umh.es\/ca\/wp-json\/wp\/v2\/users\/3216"}],"replies":[{"embeddable":true,"href":"https:\/\/deportes.umh.es\/ca\/wp-json\/wp\/v2\/comments?post=12142"}],"version-history":[{"count":0,"href":"https:\/\/deportes.umh.es\/ca\/wp-json\/wp\/v2\/posts\/12142\/revisions"}],"wp:attachment":[{"href":"https:\/\/deportes.umh.es\/ca\/wp-json\/wp\/v2\/media?parent=12142"}],"wp:term":[{"taxonomy":"category","embeddable":true,"href":"https:\/\/deportes.umh.es\/ca\/wp-json\/wp\/v2\/categories?post=12142"},{"taxonomy":"post_tag","embeddable":true,"href":"https:\/\/deportes.umh.es\/ca\/wp-json\/wp\/v2\/tags?post=12142"}],"curies":[{"name":"wp","href":"https:\/\/api.w.org\/{rel}","templated":true}]}}