{"id":12136,"date":"2021-09-21T11:21:19","date_gmt":"2021-09-21T09:21:19","guid":{"rendered":"https:\/\/deportes.umh.es\/?p=12136"},"modified":"2021-10-07T10:05:47","modified_gmt":"2021-10-07T08:05:47","slug":"finalizado-el-ceu-de-hipica-2021","status":"publish","type":"post","link":"https:\/\/deportes.umh.es\/ca\/2021\/09\/21\/finalizado-el-ceu-de-hipica-2021\/","title":{"rendered":"Finalitzat el CEU d&#8217;H\u00edpica 2021"},"content":{"rendered":"<p>El passat cap de setmana es va celebrar el Campionat d&#8217;Espanya Universitari d&#8217;H\u00edpica a les instal\u00b7lacions de la Universitat Camilo Jos\u00e9 Cela, a la qual Alba Requena va acudir en representaci\u00f3 de la Universitat Miguel Hern\u00e1ndez d&#8217;Elx.<\/p>\n<p>La primera prova, disputada el dissabte 18 de setembre, constava de dues m\u00e0nigues amb una al\u00e7ada de recorregut d&#8217;1 &#8217;20m, onze salts i tretze esfor\u00e7os. Una prova senzilla per a genets i amazones de l&#8217;experi\u00e8ncia que hi havia al torneig. A la segona m\u00e0niga el recorregut era igual a l&#8217;anterior real\u00e7ant les altures a 1 &#8217;25m, la dificultat era molt similar i t\u00e8cnicament igual per a cavalls i genets.<\/p>\n<p>Despr\u00e9s de la finalitzaci\u00f3 de la primera jornada Alba ocupava la posici\u00f3 n\u00famero 23 en la classificaci\u00f3 general.<\/p>\n<p>Diumenge 19 va tenir lloc l&#8217;\u00faltim recorregut, en aquest cas va ser molt m\u00e9s complex a el del dia anterior, tant t\u00e8cnica com f\u00edsicament. Es van real\u00e7ar les altures a 1&#8217;30m, amb un total d&#8217;onze salts, en els quals es trobava un doble i un triple. Aquest recorregut va suposar molts m\u00e9s problemes per a la majoria de genets. No obstant aix\u00f2, l&#8217;Alba Requena, va aconseguir el tercer lloc en aquesta prova, el que li va fer pujar en la classificaci\u00f3 fins a la desena posici\u00f3 en la classificaci\u00f3 general.<\/p>\n<p>El campi\u00f3 de l&#8217;CEU va ser el genet Mario Villapalos de la Universitat Carlos III de Madrid.<\/p>\n<p>Des de l&#8217;Oficina de Campus Saludables i Esport de la UMH volem felicitar i agrair a Alba Requena per la seva participaci\u00f3 i representaci\u00f3 de tota la Universitat Miguel Hern\u00e1ndez en aquest CEU d&#8217;h\u00edpica 2021.<\/p>\n<p><img loading=\"lazy\" class=\"aligncenter wp-image-12139\" src=\"https:\/\/deportes.umh.es\/files\/2021\/09\/zn9FFeSg-1024x768.jpeg\" alt=\"\" width=\"776\" height=\"582\" srcset=\"https:\/\/deportes.umh.es\/files\/2021\/09\/zn9FFeSg-1024x768.jpeg 1024w, https:\/\/deportes.umh.es\/files\/2021\/09\/zn9FFeSg-300x225.jpeg 300w, https:\/\/deportes.umh.es\/files\/2021\/09\/zn9FFeSg-768x576.jpeg 768w\" sizes=\"(max-width: 776px) 100vw, 776px\" \/><\/p>","protected":false},"excerpt":{"rendered":"<p>El passat cap de setmana es va celebrar el Campionat d&#8217;Espanya Universitari d&#8217;H\u00edpica a les instal\u00b7lacions de la Universitat Camilo Jos\u00e9 Cela, a la qual Alba Requena va acudir en representaci\u00f3 de la Universitat Miguel Hern\u00e1ndez d&#8217;Elx.<br \/>\nLa primera prova, disputada el dissabte 18 de setembre, constava de dues m\u00e0nigues amb una al\u00e7ada de recorregut d&#8217;1 [&#8230;]<\/p>\n","protected":false},"author":3216,"featured_media":0,"comment_status":"closed","ping_status":"open","sticky":false,"template":"","format":"standard","meta":{"_links_to":"","_links_to_target":""},"categories":[1],"tags":[],"_links":{"self":[{"href":"https:\/\/deportes.umh.es\/ca\/wp-json\/wp\/v2\/posts\/12136"}],"collection":[{"href":"https:\/\/deportes.umh.es\/ca\/wp-json\/wp\/v2\/posts"}],"about":[{"href":"https:\/\/deportes.umh.es\/ca\/wp-json\/wp\/v2\/types\/post"}],"author":[{"embeddable":true,"href":"https:\/\/deportes.umh.es\/ca\/wp-json\/wp\/v2\/users\/3216"}],"replies":[{"embeddable":true,"href":"https:\/\/deportes.umh.es\/ca\/wp-json\/wp\/v2\/comments?post=12136"}],"version-history":[{"count":0,"href":"https:\/\/deportes.umh.es\/ca\/wp-json\/wp\/v2\/posts\/12136\/revisions"}],"wp:attachment":[{"href":"https:\/\/deportes.umh.es\/ca\/wp-json\/wp\/v2\/media?parent=12136"}],"wp:term":[{"taxonomy":"category","embeddable":true,"href":"https:\/\/deportes.umh.es\/ca\/wp-json\/wp\/v2\/categories?post=12136"},{"taxonomy":"post_tag","embeddable":true,"href":"https:\/\/deportes.umh.es\/ca\/wp-json\/wp\/v2\/tags?post=12136"}],"curies":[{"name":"wp","href":"https:\/\/api.w.org\/{rel}","templated":true}]}}