{"id":11077,"date":"2021-04-13T09:02:32","date_gmt":"2021-04-13T07:02:32","guid":{"rendered":"https:\/\/deportes.umh.es\/?p=11077"},"modified":"2021-04-14T10:44:11","modified_gmt":"2021-04-14T08:44:11","slug":"vuelve-el-cadu-a-la-umh","status":"publish","type":"post","link":"https:\/\/deportes.umh.es\/ca\/2021\/04\/13\/vuelve-el-cadu-a-la-umh\/","title":{"rendered":"Torna el CADU a la UMH"},"content":{"rendered":"<p>Despr\u00e9s d&#8217;un any at\u00edpic en la competici\u00f3 per les mesures sanit\u00e0ries, finalment el CADU 2020\/2021 donar\u00e0 el tret de sortida el proper dijous 15 d&#8217;abril. La primera jornada de la lliga s&#8217;enfrontar\u00e0 a la UMH enfront de l&#8217;UJI, en un campionat que ha canviat el seu format de competici\u00f3 i en el qual es competir\u00e0 en 2 grups de cara a l&#8217;acc\u00e9s a les finals CADU.<\/p>\n<p><a href=\"https:\/\/deportes.umh.es\/files\/2020\/10\/balonamno-fem.jpeg\"><img loading=\"lazy\" class=\"wp-image-10466 alignleft\" src=\"https:\/\/deportes.umh.es\/files\/2020\/10\/balonamno-fem-300x234.jpeg\" alt=\"\" width=\"251\" height=\"197\" srcset=\"https:\/\/deportes.umh.es\/files\/2020\/10\/balonamno-fem-300x234.jpeg 300w, https:\/\/deportes.umh.es\/files\/2020\/10\/balonamno-fem.jpeg 743w\" sizes=\"(max-width: 251px) 100vw, 251px\" \/><\/a>La jornada comen\u00e7ar\u00e0 a partir de les 11:00 amb la disputa de l&#8217;tennis i el p\u00e0del al Complex Esportiu Clot, mentre que en el Palau dels Esports es disputar\u00e0 el Voleibol i Handbol mascul\u00ed a les 11:00. La cloenda a la jornada com a locals ser\u00e0 a c\u00e0rrec de l&#8217;voleibol i handbol femen\u00ed a partir de les 13:00. D&#8217;altra banda, els equips de futbol sala, b\u00e0squet i futbol viatjaran a Castell\u00f3 amb l&#8217;objectiu de portar a casa uns bons resultats que li permetin arribar a la tercera jornada amb possibilitats d&#8217;acc\u00e9s a la final. A les 13:00 donar\u00e0 comen\u00e7ament els partits de futbol sala femen\u00ed i b\u00e0squet mascul\u00ed al Pavell\u00f3 de l&#8217;UJI i a les 15:00 es tancar\u00e0 la jornada amb la disputa de el futbol sala mascul\u00ed, futbol mascul\u00ed i b\u00e0squet femen\u00ed.<\/p>\n<p>La UMH disputar\u00e0 la seva segona jornada que determinar\u00e0 la classificaci\u00f3 a les finals CADU enfront de la UA el proper 11 de maig, data en la qual sabrem els equips que optaran a l&#8217;campionat en les finals del pr\u00f2xim 20 de maig.<\/p>\n<p><a href=\"https:\/\/deportes.umh.es\/files\/2021\/04\/horario-j1.png\"><img loading=\"lazy\" class=\"alignleft size-full wp-image-11079\" src=\"https:\/\/deportes.umh.es\/files\/2021\/04\/horario-j1.png\" alt=\"\" width=\"954\" height=\"301\" srcset=\"https:\/\/deportes.umh.es\/files\/2021\/04\/horario-j1.png 954w, https:\/\/deportes.umh.es\/files\/2021\/04\/horario-j1-300x95.png 300w, https:\/\/deportes.umh.es\/files\/2021\/04\/horario-j1-768x242.png 768w\" sizes=\"(max-width: 954px) 100vw, 954px\" \/><\/a><\/p>","protected":false},"excerpt":{"rendered":"<p>Despr\u00e9s d&#8217;un any at\u00edpic en la competici\u00f3 per les mesures sanit\u00e0ries, finalment el CADU 2020\/2021 donar\u00e0 el tret de sortida el proper dijous 15 d&#8217;abril. La primera jornada de la lliga s&#8217;enfrontar\u00e0 a la UMH enfront de l&#8217;UJI, en un campionat que ha canviat el seu format de competici\u00f3 i en el qual es competir\u00e0 [&#8230;]<\/p>\n","protected":false},"author":3216,"featured_media":0,"comment_status":"closed","ping_status":"open","sticky":false,"template":"","format":"standard","meta":{"_links_to":"","_links_to_target":""},"categories":[1],"tags":[],"_links":{"self":[{"href":"https:\/\/deportes.umh.es\/ca\/wp-json\/wp\/v2\/posts\/11077"}],"collection":[{"href":"https:\/\/deportes.umh.es\/ca\/wp-json\/wp\/v2\/posts"}],"about":[{"href":"https:\/\/deportes.umh.es\/ca\/wp-json\/wp\/v2\/types\/post"}],"author":[{"embeddable":true,"href":"https:\/\/deportes.umh.es\/ca\/wp-json\/wp\/v2\/users\/3216"}],"replies":[{"embeddable":true,"href":"https:\/\/deportes.umh.es\/ca\/wp-json\/wp\/v2\/comments?post=11077"}],"version-history":[{"count":0,"href":"https:\/\/deportes.umh.es\/ca\/wp-json\/wp\/v2\/posts\/11077\/revisions"}],"wp:attachment":[{"href":"https:\/\/deportes.umh.es\/ca\/wp-json\/wp\/v2\/media?parent=11077"}],"wp:term":[{"taxonomy":"category","embeddable":true,"href":"https:\/\/deportes.umh.es\/ca\/wp-json\/wp\/v2\/categories?post=11077"},{"taxonomy":"post_tag","embeddable":true,"href":"https:\/\/deportes.umh.es\/ca\/wp-json\/wp\/v2\/tags?post=11077"}],"curies":[{"name":"wp","href":"https:\/\/api.w.org\/{rel}","templated":true}]}}