{"id":10972,"date":"2021-03-18T13:41:29","date_gmt":"2021-03-18T12:41:29","guid":{"rendered":"https:\/\/deportes.umh.es\/?p=10972"},"modified":"2021-03-18T13:46:38","modified_gmt":"2021-03-18T12:46:38","slug":"apertura-instalaciones-exteriores-campus-de-san-juan","status":"publish","type":"post","link":"https:\/\/deportes.umh.es\/ca\/2021\/03\/18\/apertura-instalaciones-exteriores-campus-de-san-juan\/","title":{"rendered":"Obertura instal\u00b7lacions exteriors Campus de Sant Joan"},"content":{"rendered":"<p>A partir del pr\u00f2xim 22 de mar\u00e7, les instal\u00b7lacions exteriors de l&#8217;campus de Sant Joan estaran disponibles per a la comunitat universit\u00e0ria. A m\u00e9s de l&#8217;obertura de la pista de tennis i les pistes de p\u00e0del despr\u00e9s de les tasques de manteniment realitzades, es posar\u00e0 a disposici\u00f3 la nova estructura instal\u00b7lada per a l&#8217;entrenament de calistenia.<\/p>\n<p>A fi de promocionar l&#8217;activitat despr\u00e9s del tancament d&#8217;instal\u00b7lacions, durant les properes setmanes les instal\u00b7lacions estaran disponibles de manera gratu\u00efta. Per poder fer \u00fas de les instal\u00b7lacions, s&#8217;haur\u00e0 d&#8217;accedir mitjan\u00e7ant la <a href=\"https:\/\/actividadesdeportivas.umh.es\/Login\">plataforma de reserva de la web de l&#8217;oficina de campus saludables i esports<\/a>. La reserva en el cas de l&#8217;tennis i p\u00e0del estar\u00e0 limitada 90 minuts, i tan sols podr\u00e0 realitzar-se una reserva per dia, per afavorir que el major nombre de persones pugui fer \u00fas de la instal\u00b7laci\u00f3.<\/p>\n<p>Quant a la cal\u00b7list\u00e8nia, s&#8217;ha establert un <a href=\"https:\/\/deportes.umh.es\/files\/2021\/03\/PROTOCOLO-DE-RESERVA-Y-USO-INSTALACI%C3%93N-CALISTENIA-1.pdf\">protocol d&#8217;\u00fas de la instal\u00b7laci\u00f3<\/a> a fi de garantir una pr\u00e0ctica esportiva de manera segura per als usuaris. El protocol ser\u00e0 d&#8217;obligada lectura i compliment, de manera que un mal \u00fas de la instal\u00b7laci\u00f3 pot suposar la prohibici\u00f3 de noves reserves. L&#8217;aforament m\u00e0xim ser\u00e0 de 4 persones per a cadascuna de les activitats seguint les mesures establertes en el decret de l&#8217;12 de mar\u00e7 passat.<\/p>\n\n\t\t<style type=\"text\/css\">\n\t\t\t#gallery-2 {\n\t\t\t\tmargin: auto;\n\t\t\t}\n\t\t\t#gallery-2 .gallery-item {\n\t\t\t\tfloat: left;\n\t\t\t\tmargin-top: 10px;\n\t\t\t\ttext-align: center;\n\t\t\t\twidth: 33%;\n\t\t\t}\n\t\t\t#gallery-2 img {\n\t\t\t\tborder: 2px solid #cfcfcf;\n\t\t\t}\n\t\t\t#gallery-2 .gallery-caption {\n\t\t\t\tmargin-left: 0;\n\t\t\t}\n\t\t\t\/* see gallery_shortcode() in wp-includes\/media.php *\/\n\t\t<\/style>\n\t\t<div id='gallery-2' class='gallery galleryid-10972 gallery-columns-3 gallery-size-medium'><dl class='gallery-item'>\n\t\t\t<dt class='gallery-icon landscape'>\n\t\t\t\t<a href='https:\/\/deportes.umh.es\/files\/2021\/03\/WhatsApp-Image-2021-03-18-at-13.31.30.jpeg'><img width=\"300\" height=\"225\" src=\"https:\/\/deportes.umh.es\/files\/2021\/03\/WhatsApp-Image-2021-03-18-at-13.31.30-300x225.jpeg\" class=\"attachment-medium size-medium\" alt=\"\" loading=\"lazy\" srcset=\"https:\/\/deportes.umh.es\/files\/2021\/03\/WhatsApp-Image-2021-03-18-at-13.31.30-300x225.jpeg 300w, https:\/\/deportes.umh.es\/files\/2021\/03\/WhatsApp-Image-2021-03-18-at-13.31.30-768x576.jpeg 768w, https:\/\/deportes.umh.es\/files\/2021\/03\/WhatsApp-Image-2021-03-18-at-13.31.30-1024x768.jpeg 1024w, https:\/\/deportes.umh.es\/files\/2021\/03\/WhatsApp-Image-2021-03-18-at-13.31.30.jpeg 1599w\" sizes=\"(max-width: 300px) 100vw, 300px\" \/><\/a>\n\t\t\t<\/dt><\/dl><dl class='gallery-item'>\n\t\t\t<dt class='gallery-icon landscape'>\n\t\t\t\t<a href='https:\/\/deportes.umh.es\/files\/2021\/03\/WhatsApp-Image-2021-03-18-at-13.31.26.jpeg'><img width=\"300\" height=\"225\" src=\"https:\/\/deportes.umh.es\/files\/2021\/03\/WhatsApp-Image-2021-03-18-at-13.31.26-300x225.jpeg\" class=\"attachment-medium size-medium\" alt=\"\" loading=\"lazy\" srcset=\"https:\/\/deportes.umh.es\/files\/2021\/03\/WhatsApp-Image-2021-03-18-at-13.31.26-300x225.jpeg 300w, https:\/\/deportes.umh.es\/files\/2021\/03\/WhatsApp-Image-2021-03-18-at-13.31.26-768x576.jpeg 768w, https:\/\/deportes.umh.es\/files\/2021\/03\/WhatsApp-Image-2021-03-18-at-13.31.26-1024x768.jpeg 1024w, https:\/\/deportes.umh.es\/files\/2021\/03\/WhatsApp-Image-2021-03-18-at-13.31.26.jpeg 1599w\" sizes=\"(max-width: 300px) 100vw, 300px\" \/><\/a>\n\t\t\t<\/dt><\/dl><dl class='gallery-item'>\n\t\t\t<dt class='gallery-icon landscape'>\n\t\t\t\t<a href='https:\/\/deportes.umh.es\/files\/2021\/03\/WhatsApp-Image-2021-03-18-at-13.28.26.jpeg'><img width=\"300\" height=\"225\" src=\"https:\/\/deportes.umh.es\/files\/2021\/03\/WhatsApp-Image-2021-03-18-at-13.28.26-300x225.jpeg\" class=\"attachment-medium size-medium\" alt=\"\" loading=\"lazy\" srcset=\"https:\/\/deportes.umh.es\/files\/2021\/03\/WhatsApp-Image-2021-03-18-at-13.28.26-300x225.jpeg 300w, https:\/\/deportes.umh.es\/files\/2021\/03\/WhatsApp-Image-2021-03-18-at-13.28.26-768x576.jpeg 768w, https:\/\/deportes.umh.es\/files\/2021\/03\/WhatsApp-Image-2021-03-18-at-13.28.26-1024x768.jpeg 1024w, https:\/\/deportes.umh.es\/files\/2021\/03\/WhatsApp-Image-2021-03-18-at-13.28.26.jpeg 1599w\" sizes=\"(max-width: 300px) 100vw, 300px\" \/><\/a>\n\t\t\t<\/dt><\/dl><br style=\"clear: both\" \/>\n\t\t<\/div>\n\n<p><a href=\"https:\/\/deportes.umh.es\/files\/2021\/03\/WhatsApp-Image-2021-03-18-at-13.28.26.jpeg\"><img loading=\"lazy\" class=\"alignleft  wp-image-10992\" src=\"https:\/\/deportes.umh.es\/files\/2021\/03\/WhatsApp-Image-2021-03-18-at-13.28.26-300x225.jpeg\" alt=\"\" width=\"5\" height=\"4\" srcset=\"https:\/\/deportes.umh.es\/files\/2021\/03\/WhatsApp-Image-2021-03-18-at-13.28.26-300x225.jpeg 300w, https:\/\/deportes.umh.es\/files\/2021\/03\/WhatsApp-Image-2021-03-18-at-13.28.26-150x150.jpeg 150w, https:\/\/deportes.umh.es\/files\/2021\/03\/WhatsApp-Image-2021-03-18-at-13.28.26-768x576.jpeg 768w, https:\/\/deportes.umh.es\/files\/2021\/03\/WhatsApp-Image-2021-03-18-at-13.28.26-1024x768.jpeg 1024w, https:\/\/deportes.umh.es\/files\/2021\/03\/WhatsApp-Image-2021-03-18-at-13.28.26.jpeg 1599w\" sizes=\"(max-width: 5px) 100vw, 5px\" \/><\/a><\/p>","protected":false},"excerpt":{"rendered":"<p>A partir del pr\u00f2xim 22 de mar\u00e7, les instal\u00b7lacions exteriors de l&#8217;campus de Sant Joan estaran disponibles per a la comunitat universit\u00e0ria. A m\u00e9s de l&#8217;obertura de la pista de tennis i les pistes de p\u00e0del despr\u00e9s de les tasques de manteniment realitzades, es posar\u00e0 a disposici\u00f3 la nova estructura instal\u00b7lada per a l&#8217;entrenament de [&#8230;]<\/p>\n","protected":false},"author":3216,"featured_media":0,"comment_status":"closed","ping_status":"open","sticky":false,"template":"","format":"standard","meta":{"_links_to":"","_links_to_target":""},"categories":[781,791],"tags":[],"_links":{"self":[{"href":"https:\/\/deportes.umh.es\/ca\/wp-json\/wp\/v2\/posts\/10972"}],"collection":[{"href":"https:\/\/deportes.umh.es\/ca\/wp-json\/wp\/v2\/posts"}],"about":[{"href":"https:\/\/deportes.umh.es\/ca\/wp-json\/wp\/v2\/types\/post"}],"author":[{"embeddable":true,"href":"https:\/\/deportes.umh.es\/ca\/wp-json\/wp\/v2\/users\/3216"}],"replies":[{"embeddable":true,"href":"https:\/\/deportes.umh.es\/ca\/wp-json\/wp\/v2\/comments?post=10972"}],"version-history":[{"count":0,"href":"https:\/\/deportes.umh.es\/ca\/wp-json\/wp\/v2\/posts\/10972\/revisions"}],"wp:attachment":[{"href":"https:\/\/deportes.umh.es\/ca\/wp-json\/wp\/v2\/media?parent=10972"}],"wp:term":[{"taxonomy":"category","embeddable":true,"href":"https:\/\/deportes.umh.es\/ca\/wp-json\/wp\/v2\/categories?post=10972"},{"taxonomy":"post_tag","embeddable":true,"href":"https:\/\/deportes.umh.es\/ca\/wp-json\/wp\/v2\/tags?post=10972"}],"curies":[{"name":"wp","href":"https:\/\/api.w.org\/{rel}","templated":true}]}}