{"id":10926,"date":"2021-03-09T14:58:35","date_gmt":"2021-03-09T13:58:35","guid":{"rendered":"https:\/\/deportes.umh.es\/?p=10926"},"modified":"2021-03-11T13:12:48","modified_gmt":"2021-03-11T12:12:48","slug":"publicacion-del-calendario-de-cadu-2021","status":"publish","type":"post","link":"https:\/\/deportes.umh.es\/ca\/2021\/03\/09\/publicacion-del-calendario-de-cadu-2021\/","title":{"rendered":"Publicaci\u00f3 de l&#8217;calendari de CADU 2021"},"content":{"rendered":"<p>Despr\u00e9s de l&#8217;ajornament del CADU derivat de la situaci\u00f3 sanit\u00e0ria viscuda a l&#8217;inici d&#8217;any, s&#8217;ha aprovat el calendari de competici\u00f3 del CADU per al curs 2020-2021. La lliga regular que habitualment iniciava al mes de novembre amb la disputa de 5 jornades entre les universitats participants, aquest curs es veu modificada. El nou sistema de competici\u00f3 ha integrat a la Universitat Miguel Hern\u00e1ndez en el grup 1 davant de la Universitat d&#8217;Alacant i la Universitat Jaume I, mentre que el grup 2 estar\u00e0 conformat per la Universitat de Val\u00e8ncia, Universitat Polit\u00e8cnica de Val\u00e8ncia i Universitat Cat\u00f2lica de Val\u00e8ncia . La primeres classificades de cada grup en les diferents modalitats esportives s&#8217;enfrontaran en les finals CADU del 17 al 21 de maig.<\/p>\n<p>Quant als esports individuals, s&#8217;ha publicat el calendari despr\u00e9s de la suspensi\u00f3 dels esports de combat i de promoci\u00f3 entre altres. El calendari a falta de confirmar la data del CADU de tir amb arc i orientaci\u00f3, \u00e9s el seg\u00fcent:<\/p>\n<p style=\"text-align: center\"><a href=\"https:\/\/deportes.umh.es\/files\/2021\/03\/calendario-colectivos.png\"><img loading=\"lazy\" class=\"wp-image-10927 alignleft\" src=\"https:\/\/deportes.umh.es\/files\/2021\/03\/calendario-colectivos.png\" alt=\"\" width=\"513\" height=\"368\" \/><\/a><\/p>\n<p style=\"text-align: center\">\u00a0 \u00a0 \u00a0<a href=\"https:\/\/deportes.umh.es\/files\/2021\/03\/calendario-individuales-1.png\"><img loading=\"lazy\" class=\"wp-image-10932 alignleft\" src=\"https:\/\/deportes.umh.es\/files\/2021\/03\/calendario-individuales-1.png\" alt=\"\" width=\"455\" height=\"536\" \/><\/a><\/p>\n<p><\/p>","protected":false},"excerpt":{"rendered":"<p>Despr\u00e9s de l&#8217;ajornament del CADU derivat de la situaci\u00f3 sanit\u00e0ria viscuda a l&#8217;inici d&#8217;any, s&#8217;ha aprovat el calendari de competici\u00f3 del CADU per al curs 2020-2021. La lliga regular que habitualment iniciava al mes de novembre amb la disputa de 5 jornades entre les universitats participants, aquest curs es veu modificada. El nou sistema de [&#8230;]<\/p>\n","protected":false},"author":3216,"featured_media":0,"comment_status":"closed","ping_status":"open","sticky":false,"template":"","format":"standard","meta":{"_links_to":"","_links_to_target":""},"categories":[1],"tags":[],"_links":{"self":[{"href":"https:\/\/deportes.umh.es\/ca\/wp-json\/wp\/v2\/posts\/10926"}],"collection":[{"href":"https:\/\/deportes.umh.es\/ca\/wp-json\/wp\/v2\/posts"}],"about":[{"href":"https:\/\/deportes.umh.es\/ca\/wp-json\/wp\/v2\/types\/post"}],"author":[{"embeddable":true,"href":"https:\/\/deportes.umh.es\/ca\/wp-json\/wp\/v2\/users\/3216"}],"replies":[{"embeddable":true,"href":"https:\/\/deportes.umh.es\/ca\/wp-json\/wp\/v2\/comments?post=10926"}],"version-history":[{"count":0,"href":"https:\/\/deportes.umh.es\/ca\/wp-json\/wp\/v2\/posts\/10926\/revisions"}],"wp:attachment":[{"href":"https:\/\/deportes.umh.es\/ca\/wp-json\/wp\/v2\/media?parent=10926"}],"wp:term":[{"taxonomy":"category","embeddable":true,"href":"https:\/\/deportes.umh.es\/ca\/wp-json\/wp\/v2\/categories?post=10926"},{"taxonomy":"post_tag","embeddable":true,"href":"https:\/\/deportes.umh.es\/ca\/wp-json\/wp\/v2\/tags?post=10926"}],"curies":[{"name":"wp","href":"https:\/\/api.w.org\/{rel}","templated":true}]}}