{"id":1026,"date":"2011-03-01T08:58:06","date_gmt":"2011-03-01T07:58:06","guid":{"rendered":"http:\/\/deportes.zeus.umh.es\/?p=1026"},"modified":"2011-03-01T08:58:06","modified_gmt":"2011-03-01T07:58:06","slug":"exito-de-participacion-en-la-prueba-autonomica-de-orientacion-cadu","status":"publish","type":"post","link":"https:\/\/deportes.umh.es\/ca\/2011\/03\/01\/exito-de-participacion-en-la-prueba-autonomica-de-orientacion-cadu\/","title":{"rendered":"\u00c9xito de participaci\u00f3n en la prueba auton\u00f3mica de Orientaci\u00f3n CADU"},"content":{"rendered":"<p style=\"margin: 0in 0in 0pt\">El pasado domingo 27 de febrero se realiz\u00f3 en La Marina, Guardamar, la prueba del Campeonato Auton\u00f3mico de Orientaci\u00f3n. Los chicos y chicas de la\u00a0UMH\u00a0lo han hecho muy bien, sobre todo para ser la primera competici\u00f3n que hemos afrontado como equipo. Es significativo que todos y todas acabaran la carrera (muy dif\u00edcilmente t\u00e9cnicamente).<\/p>\n<p class=\"MsoNormal\" style=\"margin: 0in 0in 0pt\"><a href=\"https:\/\/deportes.umh.es\/files\/2011\/03\/equipo-de-orientacion-umh.jpg\"><img loading=\"lazy\" class=\"alignnone size-medium wp-image-1027\" src=\"https:\/\/deportes.umh.es\/files\/2011\/03\/equipo-de-orientacion-umh-300x225.jpg\" alt=\"\" width=\"300\" height=\"225\" srcset=\"https:\/\/deportes.umh.es\/files\/2011\/03\/equipo-de-orientacion-umh-300x225.jpg 300w, https:\/\/deportes.umh.es\/files\/2011\/03\/equipo-de-orientacion-umh-1024x768.jpg 1024w\" sizes=\"(max-width: 300px) 100vw, 300px\" \/><\/a><\/p>\n<p>\u00a0<\/p>\n<p style=\"margin: 0in 0in 0pt\">Finalmente nuestro puesto ha sido cuarto, detras de UA (1\u00aa), UPV (2\u00aa) y UV (3\u00aa). El tercer puesto ha estado cerca ya que las chicas lo han hecho\u00a0especialmente bien pues han superado a las Universidades de Valencia y Jaume I en puntuaci\u00f3n y en n\u00famero de corredoras que han finalizado la carrera; esto no es f\u00e1cil teniendo en cuenta que Sonia es la \u00fanica federada y con experiencia en competici\u00f3n.<\/p>\n<p style=\"margin: 0in 0in 0pt\">\u00a0<\/p>\n<p style=\"margin: 0in 0in 0pt\">En cuanto a los chicos, el nivel de las tres primeras Universidades en la clasificaci\u00f3n es muy alto, todas con corredores en la categor\u00eda de\u00a0\u00c9lite (y de mucho nivel, por cierto), por lo que dif\u00edcilmente pod\u00edamos hacer\u00a0mucho m\u00e1s; es significativo que, salvo\u00a0sus dos corredores de \u00c9lite, hemos\u00a0ganado como equipo a la Universidad de Valencia, superando en general al resto de corredores. Esto es importante, puesto que un despiste o\u00a0un mal d\u00eda\u00a0de uno de\u00a0sus dos primeros corredores habr\u00eda hecho que\u00a0hubi\u00e9ramos quedados terceros finalmente en la calsificaci\u00f3n final y no cuartos, com\u00f3 as\u00ed fue. Desgraciadamente para nosotros, la normativa s\u00f3lo tiene en cuenta a los dos primeros corredores. En tres meses que los chavales llevan haciendo orientaci\u00f3n no se\u00a0les puede pedir m\u00e1s.<\/p>\n<p style=\"margin: 0in 0in 0pt\">\u00a0<a href=\"http:\/\/www.fedocv.org\/ficheros\/lacv11\/resultados\/110227_Resultados_Ualicante.html\">Pincha aqu\u00ed para conocer todos los resultados.<\/a><\/p>\n<p>\u00a0<\/p>\n<p style=\"margin: 0in 0in 0pt\">Cr\u00f3nica de G.A.,S.<\/p>\n<p style=\"margin: 0in 0in 0pt\">\u00a0<\/p>\n<p class=\"MsoNormal\" style=\"margin: 0in 0in 0pt\">\u00a0<\/p>\n<p class=\"MsoNormal\" style=\"margin: 0in 0in 0pt\">\u00a0<\/p>\n","protected":false},"excerpt":{"rendered":"<p>El pasado domingo 27 de febrero se realiz\u00f3 en La Marina, Guardamar, la prueba del Campeonato Auton\u00f3mico de Orientaci\u00f3n. Los chicos y chicas de la\u00a0UMH\u00a0lo han hecho muy bien, sobre todo para ser la primera competici\u00f3n que hemos afrontado como equipo. Es significativo que todos y todas acabaran la carrera (muy dif\u00edcilmente t\u00e9cnicamente).<\/p>\n<p>\u00a0<br \/>\nFinalmente nuestro puesto [&#8230;]<\/p>\n","protected":false},"author":47,"featured_media":0,"comment_status":"closed","ping_status":"open","sticky":false,"template":"","format":"standard","meta":{"_links_to":"","_links_to_target":""},"categories":[797,776,778,507,780,831,789,793],"tags":[],"_links":{"self":[{"href":"https:\/\/deportes.umh.es\/ca\/wp-json\/wp\/v2\/posts\/1026"}],"collection":[{"href":"https:\/\/deportes.umh.es\/ca\/wp-json\/wp\/v2\/posts"}],"about":[{"href":"https:\/\/deportes.umh.es\/ca\/wp-json\/wp\/v2\/types\/post"}],"author":[{"embeddable":true,"href":"https:\/\/deportes.umh.es\/ca\/wp-json\/wp\/v2\/users\/47"}],"replies":[{"embeddable":true,"href":"https:\/\/deportes.umh.es\/ca\/wp-json\/wp\/v2\/comments?post=1026"}],"version-history":[{"count":0,"href":"https:\/\/deportes.umh.es\/ca\/wp-json\/wp\/v2\/posts\/1026\/revisions"}],"wp:attachment":[{"href":"https:\/\/deportes.umh.es\/ca\/wp-json\/wp\/v2\/media?parent=1026"}],"wp:term":[{"taxonomy":"category","embeddable":true,"href":"https:\/\/deportes.umh.es\/ca\/wp-json\/wp\/v2\/categories?post=1026"},{"taxonomy":"post_tag","embeddable":true,"href":"https:\/\/deportes.umh.es\/ca\/wp-json\/wp\/v2\/tags?post=1026"}],"curies":[{"name":"wp","href":"https:\/\/api.w.org\/{rel}","templated":true}]}}