{"id":10217,"date":"2020-09-03T13:37:25","date_gmt":"2020-09-03T11:37:25","guid":{"rendered":"https:\/\/deportes.umh.es\/?p=10217"},"modified":"2020-09-03T13:38:40","modified_gmt":"2020-09-03T11:38:40","slug":"convocatoria-3-becas-de-colaboracion-en-acciones-de-promocion-de-actividad-fisica-y-salud","status":"publish","type":"post","link":"https:\/\/deportes.umh.es\/ca\/2020\/09\/03\/convocatoria-3-becas-de-colaboracion-en-acciones-de-promocion-de-actividad-fisica-y-salud\/","title":{"rendered":"Convocat\u00f2ria 3 beques de col\u00b7laboraci\u00f3 en accions de promoci\u00f3 d&#8217;activitat f\u00edsica i salut"},"content":{"rendered":"<p>S&#8217;ha publicat al BOUMH la convocat\u00f2ria de les tres beques de col\u00b7laboraci\u00f3 per a la coordinaci\u00f3 d&#8217;accions de promoci\u00f3 d&#8217;activitat f\u00edsica i salut.<\/p>\n<p>El termini de presentaci\u00f3 de sol\u00b7licituds no comen\u00e7a a comptar fins al dia seg\u00fcent a el de la seva publicaci\u00f3 en el DOGV.<\/p>\n<p><img loading=\"lazy\" class=\"aligncenter size-medium wp-image-10218\" src=\"https:\/\/deportes.umh.es\/files\/2020\/09\/Publicaci\u00f3n-de-Facebook-Collage-Foto-Frutas-Comida-Colorido-300x251.png\" alt=\"\" width=\"300\" height=\"251\" srcset=\"https:\/\/deportes.umh.es\/files\/2020\/09\/Publicaci\u00f3n-de-Facebook-Collage-Foto-Frutas-Comida-Colorido-300x251.png 300w, https:\/\/deportes.umh.es\/files\/2020\/09\/Publicaci\u00f3n-de-Facebook-Collage-Foto-Frutas-Comida-Colorido-768x644.png 768w, https:\/\/deportes.umh.es\/files\/2020\/09\/Publicaci\u00f3n-de-Facebook-Collage-Foto-Frutas-Comida-Colorido.png 940w\" sizes=\"(max-width: 300px) 100vw, 300px\" \/><\/p>","protected":false},"excerpt":{"rendered":"<p>S&#8217;ha publicat al BOUMH la convocat\u00f2ria de les tres beques de col\u00b7laboraci\u00f3 per a la coordinaci\u00f3 d&#8217;accions de promoci\u00f3 d&#8217;activitat f\u00edsica i salut.<br \/>\nEl termini de presentaci\u00f3 de sol\u00b7licituds no comen\u00e7a a comptar fins al dia seg\u00fcent a el de la seva publicaci\u00f3 en el DOGV.<\/p>\n","protected":false},"author":3216,"featured_media":0,"comment_status":"closed","ping_status":"open","sticky":false,"template":"","format":"standard","meta":{"_links_to":"","_links_to_target":""},"categories":[1],"tags":[],"_links":{"self":[{"href":"https:\/\/deportes.umh.es\/ca\/wp-json\/wp\/v2\/posts\/10217"}],"collection":[{"href":"https:\/\/deportes.umh.es\/ca\/wp-json\/wp\/v2\/posts"}],"about":[{"href":"https:\/\/deportes.umh.es\/ca\/wp-json\/wp\/v2\/types\/post"}],"author":[{"embeddable":true,"href":"https:\/\/deportes.umh.es\/ca\/wp-json\/wp\/v2\/users\/3216"}],"replies":[{"embeddable":true,"href":"https:\/\/deportes.umh.es\/ca\/wp-json\/wp\/v2\/comments?post=10217"}],"version-history":[{"count":0,"href":"https:\/\/deportes.umh.es\/ca\/wp-json\/wp\/v2\/posts\/10217\/revisions"}],"wp:attachment":[{"href":"https:\/\/deportes.umh.es\/ca\/wp-json\/wp\/v2\/media?parent=10217"}],"wp:term":[{"taxonomy":"category","embeddable":true,"href":"https:\/\/deportes.umh.es\/ca\/wp-json\/wp\/v2\/categories?post=10217"},{"taxonomy":"post_tag","embeddable":true,"href":"https:\/\/deportes.umh.es\/ca\/wp-json\/wp\/v2\/tags?post=10217"}],"curies":[{"name":"wp","href":"https:\/\/api.w.org\/{rel}","templated":true}]}}