{"id":10022,"date":"2020-06-25T12:10:51","date_gmt":"2020-06-25T10:10:51","guid":{"rendered":"https:\/\/deportes.umh.es\/?p=10022"},"modified":"2020-06-25T12:17:45","modified_gmt":"2020-06-25T10:17:45","slug":"apertura-de-las-actividades-dirigidas-de-la-umh","status":"publish","type":"post","link":"https:\/\/deportes.umh.es\/ca\/2020\/06\/25\/apertura-de-las-actividades-dirigidas-de-la-umh\/","title":{"rendered":"Obertura de les activitats dirigides de la UMH"},"content":{"rendered":"<p>D&#8217;acord amb les \u00faltimes mesures proposades per les autoritats competents a nivell nacional i auton\u00f2mic sobre el Pla per a la transici\u00f3 cap a una nova normalitat, des de l&#8217;Oficina de Campus Saludables i Esports es comunica que es va a procedir amb la reobertura de les Activitats Dirigides ( AADD) de la UMH ofertades per aquest servei en el CAMPUS d&#8217;ELX.<\/p>\n<p>S&#8217;ha obert per\u00edode d&#8217;inscripci\u00f3 per a la mensualitat de juliol (des del 29 de juny a l&#8217;31 de juliol).<\/p>\n<p>Amb motiu de la nova normalitat, i atenent als criteris de distanciament social, el sistema de participaci\u00f3 i oferta de les AADD ha estat modificat, de manera que tota persona interessada en el seu desenvolupament, haur\u00e0 de llegir, con\u00e8ixer i respectar la normativa i reglament de r\u00e8gim intern que marca la UMH i que es presenta a continuaci\u00f3.<\/p>\n<p>INFORMACI\u00d3 D&#8217;INSCRIPCIONS I NORMATIVA D&#8217;\u00daS<\/p>\n<p>Ja han estat activades les classes en la plataforma per poder inscriure.<\/p>\n<p><a href=\"https:\/\/deportes.umh.es\/files\/2020\/06\/Reserva-de-actividades-y-horarios-imagen-1.pdf\"><img loading=\"lazy\" class=\"alignleft wp-image-10031 size-medium\" src=\"https:\/\/deportes.umh.es\/files\/2020\/06\/reserva-de-actividades-300x134.png\" alt=\"\" width=\"300\" height=\"134\" srcset=\"https:\/\/deportes.umh.es\/files\/2020\/06\/reserva-de-actividades-300x134.png 300w, https:\/\/deportes.umh.es\/files\/2020\/06\/reserva-de-actividades.png 386w\" sizes=\"(max-width: 300px) 100vw, 300px\" \/><\/a><a href=\"https:\/\/deportes.umh.es\/files\/2020\/06\/Horario.png\">\u00a0<\/a><a href=\"https:\/\/deportes.umh.es\/files\/2020\/06\/Normativa-de-acceso-y-participaci%C3%B3n-imagen-2.pdf\"><img loading=\"lazy\" class=\"alignleft wp-image-10028 size-medium\" src=\"https:\/\/deportes.umh.es\/files\/2020\/06\/Normativa-de-acceso-300x126.png\" alt=\"\" width=\"300\" height=\"126\" srcset=\"https:\/\/deportes.umh.es\/files\/2020\/06\/Normativa-de-acceso-300x126.png 300w, https:\/\/deportes.umh.es\/files\/2020\/06\/Normativa-de-acceso.png 386w\" sizes=\"(max-width: 300px) 100vw, 300px\" \/><\/a><a href=\"https:\/\/deportes.umh.es\/files\/2020\/06\/Horario.png\"> <img loading=\"lazy\" class=\"alignleft wp-image-10025 size-medium\" src=\"https:\/\/deportes.umh.es\/files\/2020\/06\/Horario-de-Julio-300x126.png\" alt=\"\" width=\"300\" height=\"126\" srcset=\"https:\/\/deportes.umh.es\/files\/2020\/06\/Horario-de-Julio-300x126.png 300w, https:\/\/deportes.umh.es\/files\/2020\/06\/Horario-de-Julio.png 386w\" sizes=\"(max-width: 300px) 100vw, 300px\" \/><\/a><\/p>","protected":false},"excerpt":{"rendered":"<p>D&#8217;acord amb les \u00faltimes mesures proposades per les autoritats competents a nivell nacional i auton\u00f2mic sobre el Pla per a la transici\u00f3 cap a una nova normalitat, des de l&#8217;Oficina de Campus Saludables i Esports es comunica que es va a procedir amb la reobertura de les Activitats Dirigides ( AADD) de la UMH ofertades [&#8230;]<\/p>\n","protected":false},"author":3216,"featured_media":0,"comment_status":"closed","ping_status":"open","sticky":false,"template":"","format":"standard","meta":{"_links_to":"","_links_to_target":""},"categories":[1],"tags":[],"_links":{"self":[{"href":"https:\/\/deportes.umh.es\/ca\/wp-json\/wp\/v2\/posts\/10022"}],"collection":[{"href":"https:\/\/deportes.umh.es\/ca\/wp-json\/wp\/v2\/posts"}],"about":[{"href":"https:\/\/deportes.umh.es\/ca\/wp-json\/wp\/v2\/types\/post"}],"author":[{"embeddable":true,"href":"https:\/\/deportes.umh.es\/ca\/wp-json\/wp\/v2\/users\/3216"}],"replies":[{"embeddable":true,"href":"https:\/\/deportes.umh.es\/ca\/wp-json\/wp\/v2\/comments?post=10022"}],"version-history":[{"count":0,"href":"https:\/\/deportes.umh.es\/ca\/wp-json\/wp\/v2\/posts\/10022\/revisions"}],"wp:attachment":[{"href":"https:\/\/deportes.umh.es\/ca\/wp-json\/wp\/v2\/media?parent=10022"}],"wp:term":[{"taxonomy":"category","embeddable":true,"href":"https:\/\/deportes.umh.es\/ca\/wp-json\/wp\/v2\/categories?post=10022"},{"taxonomy":"post_tag","embeddable":true,"href":"https:\/\/deportes.umh.es\/ca\/wp-json\/wp\/v2\/tags?post=10022"}],"curies":[{"name":"wp","href":"https:\/\/api.w.org\/{rel}","templated":true}]}}